{"id":49889,"date":"2022-07-28T12:47:14","date_gmt":"2022-07-28T10:47:14","guid":{"rendered":"https:\/\/www.conselharan.org\/duberta-era-convocatoria-entas-ajuts-leader-2\/"},"modified":"2022-07-28T13:23:25","modified_gmt":"2022-07-28T11:23:25","slug":"duberta-era-convocatoria-entas-ajuts-leader-2","status":"publish","type":"post","link":"https:\/\/www.conselharan.org\/es\/duberta-era-convocatoria-entas-ajuts-leader-2\/","title":{"rendered":"Abierta la convocatoria para las ayudas \u201cLeader\u201d"},"content":{"rendered":"<p><a href=\"https:\/\/www.conselharan.org\/wp-content\/uploads\/2022\/07\/Imatge-VdA.jpeg\"><img loading=\"lazy\" decoding=\"async\" class=\"aligncenter wp-image-49881 size-large\" src=\"https:\/\/www.conselharan.org\/wp-content\/uploads\/2022\/07\/Imatge-VdA-801x1024.jpeg\" alt=\"\" width=\"801\" height=\"1024\" srcset=\"https:\/\/www.conselharan.org\/wp-content\/uploads\/2022\/07\/Imatge-VdA-801x1024.jpeg 801w, https:\/\/www.conselharan.org\/wp-content\/uploads\/2022\/07\/Imatge-VdA-235x300.jpeg 235w, https:\/\/www.conselharan.org\/wp-content\/uploads\/2022\/07\/Imatge-VdA-768x982.jpeg 768w, https:\/\/www.conselharan.org\/wp-content\/uploads\/2022\/07\/Imatge-VdA-1202x1536.jpeg 1202w, https:\/\/www.conselharan.org\/wp-content\/uploads\/2022\/07\/Imatge-VdA.jpeg 1459w\" sizes=\"(max-width: 801px) 100vw, 801px\" \/><\/a><\/p>\n<p>&nbsp;<\/p>\n<ul>\n<li>\n<h3><strong>Las ayudas \u201cLeader\u201d van destinadas a la creaci\u00f3n, desarrollo y mejora de empresa y ayuntamientos de entornos rurales y se pueden solicitar hasta el 30 de septiembre de 2022<\/strong><\/h3>\n<\/li>\n<\/ul>\n<p>Ya est\u00e1 abierta la convocatoria para las ayudas europeas \u201cLeader\u201d, de las que se podr\u00e1n beneficiar todas las empresas y ayuntamientos de la Val d\u2019Aran interesados en impulsar un proyecto empresarial generador de actividad econ\u00f3mica en el territorio.<\/p>\n<p>El Departamento de Acci\u00f3n Clim\u00e1tica, Alimentaci\u00f3n y Agenda Rural (DACC) de la Generalitat de Catalunya seleccion\u00f3 11 Grupos de Acci\u00f3n Local (GAL) Leader para aplicar el desarrollo local participativo Leader en el marco del Programa de Desarrollo Rural (PDR) de Catalunya 2014-2020, pr\u00f3rroga hasta el 2022.<\/p>\n<p>Uno de los objetivos principales de los GAL es la dinamizaci\u00f3n territorial y la divulgaci\u00f3n de sus proyectos m\u00e1s estrat\u00e9gicos y buenas pr\u00e1cticas, unido con la gesti\u00f3n de las ayudas que convoca anualmente el DARP para fomentar la realizaci\u00f3n de inversiones que generen actividad econ\u00f3mica en las zonas rurales y fomentar la craci\u00f3n y\/o mantenimiento de puestos de trabajo, principalmente para mujeres y j\u00f3venes, en acciones de mejora de los procesos de transformaci\u00f3n y comercializaci\u00f3n de los productos agrarios, creaci\u00f3n y desarrollo de microempresas, fomento de actividades tur\u00edsticas y conservaci\u00f3n y mejora del patrimonio rural y natural.<\/p>\n<p>El plazo de presentaci\u00f3n de las ayudas finalizar\u00e1 el 30 de septiembre de 2022. Las personas interesadas en informarse sobre estas subvenciones tendr\u00e1n que pedir hora con Gerard Castellarnau o con Judit Jaquet en la sede del Conselh Generau d\u2019Aran o bien por correo (j.jaquet@aran.org) o en el tel. 973 64 18 01.<\/p>\n<p>Adem\u00e1s, el pr\u00f3ximo 4 de agosto a las 11 horas tendr\u00e1 lugar una sesi\u00f3n informativa sobre las ayudas Leader 2022 en la sede del Conselh Genrau d\u2019Aran, que tambi\u00e9n se podr\u00e1 seguir v\u00eda telem\u00e1tica a trav\u00e9s del siguiente enlace: <a href=\"https:\/\/us02web.zoom.us\/j\/85269046482\">https:\/\/us02web.zoom.us\/j\/85269046482<\/a><\/p>\n<h1 style=\"margin-top: 0cm;\"><i><span style=\"font-size: 10.0pt; font-family: 'Lato',sans-serif; font-weight: normal;\">Vielha, 28 de julio de 2022<\/span><\/i><\/h1>\n ","protected":false},"excerpt":{"rendered":"<p>&nbsp; Las ayudas \u201cLeader\u201d van destinadas a la creaci\u00f3n, desarrollo y mejora de empresa y ayuntamientos de entornos rurales y se pueden solicitar hasta el 30 de septiembre de 2022 Ya est\u00e1 abierta la convocatoria para las ayudas europeas \u201cLeader\u201d, de las que se podr\u00e1n beneficiar todas las empresas y ayuntamientos de la Val d\u2019Aran&#8230;<\/p>\n","protected":false},"author":10,"featured_media":49883,"comment_status":"closed","ping_status":"closed","sticky":false,"template":"","format":"standard","meta":{"footnotes":""},"categories":[],"tags":[],"_links":{"self":[{"href":"https:\/\/www.conselharan.org\/es\/wp-json\/wp\/v2\/posts\/49889"}],"collection":[{"href":"https:\/\/www.conselharan.org\/es\/wp-json\/wp\/v2\/posts"}],"about":[{"href":"https:\/\/www.conselharan.org\/es\/wp-json\/wp\/v2\/types\/post"}],"author":[{"embeddable":true,"href":"https:\/\/www.conselharan.org\/es\/wp-json\/wp\/v2\/users\/10"}],"replies":[{"embeddable":true,"href":"https:\/\/www.conselharan.org\/es\/wp-json\/wp\/v2\/comments?post=49889"}],"version-history":[{"count":2,"href":"https:\/\/www.conselharan.org\/es\/wp-json\/wp\/v2\/posts\/49889\/revisions"}],"predecessor-version":[{"id":49891,"href":"https:\/\/www.conselharan.org\/es\/wp-json\/wp\/v2\/posts\/49889\/revisions\/49891"}],"wp:featuredmedia":[{"embeddable":true,"href":"https:\/\/www.conselharan.org\/es\/wp-json\/wp\/v2\/media\/49883"}],"wp:attachment":[{"href":"https:\/\/www.conselharan.org\/es\/wp-json\/wp\/v2\/media?parent=49889"}],"wp:term":[{"taxonomy":"category","embeddable":true,"href":"https:\/\/www.conselharan.org\/es\/wp-json\/wp\/v2\/categories?post=49889"},{"taxonomy":"post_tag","embeddable":true,"href":"https:\/\/www.conselharan.org\/es\/wp-json\/wp\/v2\/tags?post=49889"}],"curies":[{"name":"wp","href":"https:\/\/api.w.org\/{rel}","templated":true}]}}