{"id":49920,"date":"2022-07-29T14:57:46","date_gmt":"2022-07-29T12:57:46","guid":{"rendered":"https:\/\/www.conselharan.org\/eth-conselh-generau-aposte-damb-forca-per-impuls-dera-bicicleta-coma-producte-toristic-2\/"},"modified":"2022-07-29T15:05:11","modified_gmt":"2022-07-29T13:05:11","slug":"eth-conselh-generau-aposte-damb-forca-per-impuls-dera-bicicleta-coma-producte-toristic-2","status":"publish","type":"post","link":"https:\/\/www.conselharan.org\/es\/eth-conselh-generau-aposte-damb-forca-per-impuls-dera-bicicleta-coma-producte-toristic-2\/","title":{"rendered":"El Conselh Generau apuesta firmemente por el impulso de la bicicleta como producto tur\u00edstico"},"content":{"rendered":"<p><a href=\"https:\/\/www.conselharan.org\/wp-content\/uploads\/2022\/07\/IMG_7349-scaled.jpg\"><img loading=\"lazy\" decoding=\"async\" class=\"aligncenter wp-image-49908 size-large\" src=\"https:\/\/www.conselharan.org\/wp-content\/uploads\/2022\/07\/IMG_7349-1024x768.jpg\" alt=\"\" width=\"1024\" height=\"768\" srcset=\"https:\/\/www.conselharan.org\/wp-content\/uploads\/2022\/07\/IMG_7349-1024x768.jpg 1024w, https:\/\/www.conselharan.org\/wp-content\/uploads\/2022\/07\/IMG_7349-300x225.jpg 300w, https:\/\/www.conselharan.org\/wp-content\/uploads\/2022\/07\/IMG_7349-768x576.jpg 768w, https:\/\/www.conselharan.org\/wp-content\/uploads\/2022\/07\/IMG_7349-1536x1152.jpg 1536w, https:\/\/www.conselharan.org\/wp-content\/uploads\/2022\/07\/IMG_7349-2048x1536.jpg 2048w\" sizes=\"(max-width: 1024px) 100vw, 1024px\" \/><\/a><\/p>\n<ul>\n<li>\n<h3><strong>El Conselh Generau d\u2019Aran ha realizado una reestructuraci\u00f3n de su oferta tur\u00edstica poniendo la bicicleta como uno de los pilares m\u00e1s de su Plan de Sostenibilidad Tur\u00edstica<\/strong><\/h3>\n<\/li>\n<\/ul>\n<p>Siguiendo las l\u00edneas estrat\u00e9gicas establecidas por el Plan de Sostenibilidad Tur\u00edstica de la Val d\u2019Aran, el Conselh Generau d\u2019Aran ha redise\u00f1ado su oferta tur\u00edstica orientando sus esfuerzos en desarrollar los instrumentos necesarios para poder posicionar nuestro territorio como una destinaci\u00f3n de referencia en el sector de la bicicleta.<\/p>\n<p>La reestructuraci\u00f3n del producto tur\u00edstico \u201cbicicleta\u201d cuenta con una serie de acciones encaminadas a favorecer el uso de la bicicleta como alternativa sostenible al transporte tradicional y contaminante, as\u00ed como el impulso de una pr\u00e1ctica deportiva saludable para todos los p\u00fablicos y que se puede compaginar perfectamente con el resto de los productos tur\u00edsticos que ofrece la Val d\u2019Aran (Cultura, Gastronom\u00eda, Comercio Local, entre otros).<\/p>\n<p>En este sentido, la reorganizaci\u00f3n se traduce en establecer 4 subproductos que se dividen en funci\u00f3n de la modalidad ciclista. De este modo, encontramos 3 modalidades de bicicleta de monta\u00f1a y una de bicicleta de carretera.<\/p>\n<ul>\n<li>MTB Gravel y MTB Familiar &amp; Ebike, pensadas para que todos los p\u00fablicos disfruten de la monta\u00f1a en bicicleta y, despu\u00e9s, Trail Enduro, para los que ya poseen un poco m\u00e1s de nivel y buscan retos y emociones m\u00e1s fuertes. Las rutas de estas disciplinas est\u00e1n estructuradas en 8 sectores a lo largo del Aran (Toran, Margalida, Entecada, Baricauba, Salient, Tuca, Mont-Romies i Baqueira). Agrupan un total de 50 propuestas que suman 1051 km de rutas se\u00f1alizadas.<\/li>\n<\/ul>\n<p>&nbsp;<\/p>\n<ul>\n<li>Cicloturismo, rutas pensadas para disfrutar con la bici de carretera, encontramos 16 puertos de monta\u00f1a de entre los cuales 8 est\u00e1n se\u00f1alizados. Esta es una modalidad que se trabaja para aprovechar las oportunidades de los diferentes niveles de porcentajes de pendiente que ofrece la Val d\u2019Aran.<\/li>\n<\/ul>\n<p>La instalaci\u00f3n de este nuevo sistema de ordenaci\u00f3n de la oferta ciclista viene de la mano de la implementaci\u00f3n de una nueva forma de se\u00f1alizaci\u00f3n de caminos y rutas, categorizado empleando una escala de colores que permitir\u00e1 a los usuarios seleccionar el recorrido que quieren hacer en funci\u00f3n de su nivel t\u00e9cnico, dificultad y distancia del trayecto. Toda esta informaci\u00f3n tambi\u00e9n est\u00e1 disponible en las plataformas digitales vinculadas al Conselh Generau, en la propia p\u00e1gina web o en la aplicaci\u00f3n tur\u00edstica Guidaran, as\u00ed como en las plataformas especializadas como Wikiloc o TrailForks.<\/p>\n<p>Adem\u00e1s, para potenciar el descubrimiento y uso de todos los sectores ciclistas de la zona, a partir del 1 de agosto y hasta el 31 del mismo mes, se introducir\u00e1 una l\u00ednea extra de bus habilitada para las bicicletas que ir\u00e1 de Les a Beret cubriendo toda la extensi\u00f3n del territorio.<\/p>\n<h1 style=\"margin-top: 0cm;\"><i><span style=\"font-size: 10.0pt; font-family: 'Lato',sans-serif; font-weight: normal;\">Vielha, 29 de julio de 2022<\/span><\/i><\/h1>\n ","protected":false},"excerpt":{"rendered":"<p>El Conselh Generau d\u2019Aran ha realizado una reestructuraci\u00f3n de su oferta tur\u00edstica poniendo la bicicleta como uno de los pilares m\u00e1s de su Plan de Sostenibilidad Tur\u00edstica Siguiendo las l\u00edneas estrat\u00e9gicas establecidas por el Plan de Sostenibilidad Tur\u00edstica de la Val d\u2019Aran, el Conselh Generau d\u2019Aran ha redise\u00f1ado su oferta tur\u00edstica orientando sus esfuerzos en&#8230;<\/p>\n","protected":false},"author":10,"featured_media":49910,"comment_status":"closed","ping_status":"closed","sticky":false,"template":"","format":"standard","meta":{"footnotes":""},"categories":[34,137],"tags":[],"_links":{"self":[{"href":"https:\/\/www.conselharan.org\/es\/wp-json\/wp\/v2\/posts\/49920"}],"collection":[{"href":"https:\/\/www.conselharan.org\/es\/wp-json\/wp\/v2\/posts"}],"about":[{"href":"https:\/\/www.conselharan.org\/es\/wp-json\/wp\/v2\/types\/post"}],"author":[{"embeddable":true,"href":"https:\/\/www.conselharan.org\/es\/wp-json\/wp\/v2\/users\/10"}],"replies":[{"embeddable":true,"href":"https:\/\/www.conselharan.org\/es\/wp-json\/wp\/v2\/comments?post=49920"}],"version-history":[{"count":1,"href":"https:\/\/www.conselharan.org\/es\/wp-json\/wp\/v2\/posts\/49920\/revisions"}],"predecessor-version":[{"id":49921,"href":"https:\/\/www.conselharan.org\/es\/wp-json\/wp\/v2\/posts\/49920\/revisions\/49921"}],"wp:featuredmedia":[{"embeddable":true,"href":"https:\/\/www.conselharan.org\/es\/wp-json\/wp\/v2\/media\/49910"}],"wp:attachment":[{"href":"https:\/\/www.conselharan.org\/es\/wp-json\/wp\/v2\/media?parent=49920"}],"wp:term":[{"taxonomy":"category","embeddable":true,"href":"https:\/\/www.conselharan.org\/es\/wp-json\/wp\/v2\/categories?post=49920"},{"taxonomy":"post_tag","embeddable":true,"href":"https:\/\/www.conselharan.org\/es\/wp-json\/wp\/v2\/tags?post=49920"}],"curies":[{"name":"wp","href":"https:\/\/api.w.org\/{rel}","templated":true}]}}