{"id":49971,"date":"2022-08-04T13:12:47","date_gmt":"2022-08-04T11:12:47","guid":{"rendered":"https:\/\/www.conselharan.org\/es-camins-e-rutes-dera-val-daran-acuelhen-eth-5au-val-daran-walking-festival\/"},"modified":"2022-08-04T13:15:51","modified_gmt":"2022-08-04T11:15:51","slug":"es-camins-e-rutes-dera-val-daran-acuelhen-eth-5au-val-daran-walking-festival","status":"publish","type":"post","link":"https:\/\/www.conselharan.org\/es\/es-camins-e-rutes-dera-val-daran-acuelhen-eth-5au-val-daran-walking-festival\/","title":{"rendered":"Los caminos y rutas de la Val d\u2019Aran acogen el 5o Val d\u2019Aran Walking Festival"},"content":{"rendered":"<p><a href=\"https:\/\/www.conselharan.org\/wp-content\/uploads\/2022\/08\/WhatsApp-Image-2022-07-27-at-12.20.28-PM.jpeg\"><img loading=\"lazy\" decoding=\"async\" class=\"aligncenter wp-image-49963 size-large\" src=\"https:\/\/www.conselharan.org\/wp-content\/uploads\/2022\/08\/WhatsApp-Image-2022-07-27-at-12.20.28-PM-1024x576.jpeg\" alt=\"\" width=\"1024\" height=\"576\" srcset=\"https:\/\/www.conselharan.org\/wp-content\/uploads\/2022\/08\/WhatsApp-Image-2022-07-27-at-12.20.28-PM-1024x576.jpeg 1024w, https:\/\/www.conselharan.org\/wp-content\/uploads\/2022\/08\/WhatsApp-Image-2022-07-27-at-12.20.28-PM-300x169.jpeg 300w, https:\/\/www.conselharan.org\/wp-content\/uploads\/2022\/08\/WhatsApp-Image-2022-07-27-at-12.20.28-PM-768x432.jpeg 768w, https:\/\/www.conselharan.org\/wp-content\/uploads\/2022\/08\/WhatsApp-Image-2022-07-27-at-12.20.28-PM-1536x864.jpeg 1536w, https:\/\/www.conselharan.org\/wp-content\/uploads\/2022\/08\/WhatsApp-Image-2022-07-27-at-12.20.28-PM.jpeg 1600w\" sizes=\"(max-width: 1024px) 100vw, 1024px\" \/><\/a><\/p>\n<p>&nbsp;<\/p>\n<ul>\n<li>\n<h3><strong>Participantes provenientes de diferentes comunidades aut\u00f3nomas y nacionalidades se han inscrito en la 5a edici\u00f3n del Val d\u2019Aran Walking Festival, que tuvo lugar entre el 25 de julio y el 31 del mismo mes. <\/strong><\/h3>\n<\/li>\n<\/ul>\n<p>Los participantes de esta nueva edici\u00f3n del Val d\u2019Aran Walking Festival han podido disfrutar de los tesoros naturales que encierra la Val d\u2019Aran, descubriendo paisajes y misterios del entorno aran\u00e9s paseando por las rutas programadas por la organizaci\u00f3n. Entre otras, los amantes del senderismo han recorrido traves\u00edas como la del Lago de Liat hasta la Val de Toran, de los lagos de Montcasau hasta Colom\u00e8rs o del Hospice de France a Boss\u00f2st.<\/p>\n<p>Como novedad, este a\u00f1o el festival de Senderismo y de Monta\u00f1a se han unido creando el Val d\u2019Aran Walking&amp;Summit Festival, aumentando as\u00ed a 25 rutas y ascensiones de monta\u00f1a, como las ascensiones al d\u2019Ermer o era Cigalera, y configurando una red de m\u00e1s de 300 km de caminos se\u00f1alizados, aunando paisaje pirenaico de alta monta\u00f1a con el entorno m\u00e1s rural.<\/p>\n<p>Pero, como acredita el Premio Fitur-Aire-Libre al mejor producto de Turismo Activo recibido el a\u00f1o pasado, el evento va m\u00e1s all\u00e1 del senderismo, ya que unifica la pr\u00e1ctica deportiva con otras actividades orientadas a conocer el territorio y el medio ambiente, su gastronom\u00eda, cultura y producci\u00f3n local. Ejemplo de ello son la degustaci\u00f3n de productos locales en la Artiga de Lin, la visita al Aran Park o un taller de plantas medicinales en la Bassa de Oles.<\/p>\n<p>En esta edici\u00f3n el Val d\u2019Aran Walking Festival, iniciativa que naci\u00f3 en 2018 y que est\u00e1 integrada dentro de los Festivales de Senderismo de los Pirineos coordinados por IDAPA, se han apuntado participantes que vinieron de diferentes puntos de la geograf\u00eda espa\u00f1ola como Catalu\u00f1a, Andaluc\u00eda, Galicia, Madrid, Euskadi o Pa\u00eds Valenciano, as\u00ed como de otros lugares de Europa como B\u00e9lgica o Francia.<\/p>\n<h1 style=\"margin-top: 0cm;\"><i><span style=\"font-size: 10.0pt; font-family: 'Lato',sans-serif; font-weight: normal;\">Vielha, 4 de agosto de 2022<\/span><\/i><\/h1>\n<p>&nbsp;<\/p>\n ","protected":false},"excerpt":{"rendered":"<p>&nbsp; Participantes provenientes de diferentes comunidades aut\u00f3nomas y nacionalidades se han inscrito en la 5a edici\u00f3n del Val d\u2019Aran Walking Festival, que tuvo lugar entre el 25 de julio y el 31 del mismo mes. Los participantes de esta nueva edici\u00f3n del Val d\u2019Aran Walking Festival han podido disfrutar de los tesoros naturales que encierra&#8230;<\/p>\n","protected":false},"author":10,"featured_media":49965,"comment_status":"closed","ping_status":"closed","sticky":false,"template":"","format":"standard","meta":{"footnotes":""},"categories":[],"tags":[],"_links":{"self":[{"href":"https:\/\/www.conselharan.org\/es\/wp-json\/wp\/v2\/posts\/49971"}],"collection":[{"href":"https:\/\/www.conselharan.org\/es\/wp-json\/wp\/v2\/posts"}],"about":[{"href":"https:\/\/www.conselharan.org\/es\/wp-json\/wp\/v2\/types\/post"}],"author":[{"embeddable":true,"href":"https:\/\/www.conselharan.org\/es\/wp-json\/wp\/v2\/users\/10"}],"replies":[{"embeddable":true,"href":"https:\/\/www.conselharan.org\/es\/wp-json\/wp\/v2\/comments?post=49971"}],"version-history":[{"count":2,"href":"https:\/\/www.conselharan.org\/es\/wp-json\/wp\/v2\/posts\/49971\/revisions"}],"predecessor-version":[{"id":49973,"href":"https:\/\/www.conselharan.org\/es\/wp-json\/wp\/v2\/posts\/49971\/revisions\/49973"}],"wp:featuredmedia":[{"embeddable":true,"href":"https:\/\/www.conselharan.org\/es\/wp-json\/wp\/v2\/media\/49965"}],"wp:attachment":[{"href":"https:\/\/www.conselharan.org\/es\/wp-json\/wp\/v2\/media?parent=49971"}],"wp:term":[{"taxonomy":"category","embeddable":true,"href":"https:\/\/www.conselharan.org\/es\/wp-json\/wp\/v2\/categories?post=49971"},{"taxonomy":"post_tag","embeddable":true,"href":"https:\/\/www.conselharan.org\/es\/wp-json\/wp\/v2\/tags?post=49971"}],"curies":[{"name":"wp","href":"https:\/\/api.w.org\/{rel}","templated":true}]}}