{"id":50127,"date":"2022-08-25T14:49:40","date_gmt":"2022-08-25T12:49:40","guid":{"rendered":"https:\/\/www.conselharan.org\/tecnics-deth-departament-de-miei-ambient-deth-conselh-generau-daran-visiten-noruega-ta-coneisher-naues-tecniques-enta-combater-especies-invasores-en-miei-aquatic\/"},"modified":"2022-08-25T14:49:40","modified_gmt":"2022-08-25T12:49:40","slug":"tecnics-deth-departament-de-miei-ambient-deth-conselh-generau-daran-visiten-noruega-ta-coneisher-naues-tecniques-enta-combater-especies-invasores-en-miei-aquatic","status":"publish","type":"post","link":"https:\/\/www.conselharan.org\/es\/tecnics-deth-departament-de-miei-ambient-deth-conselh-generau-daran-visiten-noruega-ta-coneisher-naues-tecniques-enta-combater-especies-invasores-en-miei-aquatic\/","title":{"rendered":"T\u00e8cnics del departament de Medi ambient del Consell General d\u2019Aran visiten Noruega per con\u00e8ixer noves t\u00e8cniques per combatre esp\u00e8cies invasores en el medi aqu\u00e0tic"},"content":{"rendered":"<p><a href=\"https:\/\/www.conselharan.org\/wp-content\/uploads\/2022\/08\/Fa2T5KqXgAEBzH7.jpg\"><img loading=\"lazy\" decoding=\"async\" class=\"aligncenter wp-image-50119 size-full\" src=\"https:\/\/www.conselharan.org\/wp-content\/uploads\/2022\/08\/Fa2T5KqXgAEBzH7.jpg\" alt=\"\" width=\"1024\" height=\"768\" srcset=\"https:\/\/www.conselharan.org\/wp-content\/uploads\/2022\/08\/Fa2T5KqXgAEBzH7.jpg 1024w, https:\/\/www.conselharan.org\/wp-content\/uploads\/2022\/08\/Fa2T5KqXgAEBzH7-300x225.jpg 300w, https:\/\/www.conselharan.org\/wp-content\/uploads\/2022\/08\/Fa2T5KqXgAEBzH7-768x576.jpg 768w\" sizes=\"(max-width: 1024px) 100vw, 1024px\" \/><\/a><\/p>\n<ul>\n<li>\n<h3><strong>Amb aquesta visita de treball, els t\u00e8cnics del Consell General han pogut con\u00e8ixer de primera m\u00e0 quins m\u00e8todes fa servir l&#8217;Institut Veterinari de Noruega per combatre l&#8217;expansi\u00f3 d\u2019esp\u00e8cies invasores en el medi aqu\u00e0tic, pr\u2019amor qu\u2019l&#8217;equilibri ecol\u00f2gic dels nostres estanys de muntanya pot veure&#8217;s alterat per la proliferaci\u00f3 d\u2019esp\u00e8cies\u00a0 com el ver\u00f3<\/strong><\/h3>\n<\/li>\n<\/ul>\n<p>T\u00e8cnics de Medi Ambient del Conselh Generau d\u2019Aran han format part d\u2019una delegaci\u00f3 t\u00e8cnica en el marc del projecte LIFE RESQUEALPYR que s\u2019ha despla\u00e7at a Noruega per con\u00e8ixer de primera ma els m\u00e8todes que utilitza l\u2019Institut Veterinari d\u2019aquest pa\u00eds per combatre l\u2019expansi\u00f3 d\u2019esp\u00e8cies invasores en el medi aqu\u00e0tic.<\/p>\n<p>S\u2019est\u00e0 estudiant l\u2019adaptaci\u00f3 d\u2019alguns dels m\u00e8todes observats per a la possible erradicaci\u00f3 de peixos introdu\u00efts als estanys d\u2019alta muntanya, com \u00e9s el cas del ver\u00f3, que \u00e9s present en molts estanys i provoca alteracions en el fr\u00e0gil equilibri ecol\u00f2gic dels estanys de muntanya.<\/p>\n<p>En aquest sentit, l\u2019Observatori pel Patrimoni Natural i la Biodiversitat ha publicat aquest <strong><u><a href=\"https:\/\/www.youtube.com\/watch?v=zgsmj9ArT4c&amp;ab_channel=ObservatoridelPatrimoniNatural\">v\u00eddeo<\/a><\/u><\/strong> explicant que els ecosistemes de les aig\u00fces continentals s\u00f3n els que m\u00e9s han patit la p\u00e8rdua de biodiversitat aut\u00f2ctona en les darreres d\u00e8cades.<\/p>\n<p>A la delegaci\u00f3 tamb\u00e9 hi va participar personal del Parc Natural de l\u2019Alt Pirineu i del Consejo Superior de Investigaciones Cient\u00edficas, aix\u00ed com una representaci\u00f3 de la comunitat de pescadors.<\/p>\n ","protected":false},"excerpt":{"rendered":"<p>Amb aquesta visita de treball, els t\u00e8cnics del Consell General han pogut con\u00e8ixer de primera m\u00e0 quins m\u00e8todes fa servir l&#8217;Institut Veterinari de Noruega per combatre l&#8217;expansi\u00f3 d\u2019esp\u00e8cies invasores en el medi aqu\u00e0tic, pr\u2019amor qu\u2019l&#8217;equilibri ecol\u00f2gic dels nostres estanys de muntanya pot veure&#8217;s alterat per la proliferaci\u00f3 d\u2019esp\u00e8cies\u00a0 com el ver\u00f3 T\u00e8cnics de Medi Ambient&#8230;<\/p>\n","protected":false},"author":10,"featured_media":50121,"comment_status":"closed","ping_status":"closed","sticky":false,"template":"","format":"standard","meta":{"footnotes":""},"categories":[126,34],"tags":[],"_links":{"self":[{"href":"https:\/\/www.conselharan.org\/es\/wp-json\/wp\/v2\/posts\/50127"}],"collection":[{"href":"https:\/\/www.conselharan.org\/es\/wp-json\/wp\/v2\/posts"}],"about":[{"href":"https:\/\/www.conselharan.org\/es\/wp-json\/wp\/v2\/types\/post"}],"author":[{"embeddable":true,"href":"https:\/\/www.conselharan.org\/es\/wp-json\/wp\/v2\/users\/10"}],"replies":[{"embeddable":true,"href":"https:\/\/www.conselharan.org\/es\/wp-json\/wp\/v2\/comments?post=50127"}],"version-history":[{"count":0,"href":"https:\/\/www.conselharan.org\/es\/wp-json\/wp\/v2\/posts\/50127\/revisions"}],"wp:featuredmedia":[{"embeddable":true,"href":"https:\/\/www.conselharan.org\/es\/wp-json\/wp\/v2\/media\/50121"}],"wp:attachment":[{"href":"https:\/\/www.conselharan.org\/es\/wp-json\/wp\/v2\/media?parent=50127"}],"wp:term":[{"taxonomy":"category","embeddable":true,"href":"https:\/\/www.conselharan.org\/es\/wp-json\/wp\/v2\/categories?post=50127"},{"taxonomy":"post_tag","embeddable":true,"href":"https:\/\/www.conselharan.org\/es\/wp-json\/wp\/v2\/tags?post=50127"}],"curies":[{"name":"wp","href":"https:\/\/api.w.org\/{rel}","templated":true}]}}