{"id":50327,"date":"2022-09-16T14:50:42","date_gmt":"2022-09-16T12:50:42","guid":{"rendered":"https:\/\/www.conselharan.org\/eth-govern-der-estat-presente-en-aran-es-accions-de-melhora-dera-n-230\/"},"modified":"2022-09-16T14:52:21","modified_gmt":"2022-09-16T12:52:21","slug":"eth-govern-der-estat-presente-en-aran-es-accions-de-melhora-dera-n-230","status":"publish","type":"post","link":"https:\/\/www.conselharan.org\/es\/eth-govern-der-estat-presente-en-aran-es-accions-de-melhora-dera-n-230\/","title":{"rendered":"El gobierno del Estado presenta en Aran las acciones de mejora de la N-230"},"content":{"rendered":"<p><a href=\"https:\/\/www.conselharan.org\/wp-content\/uploads\/2022\/09\/32_VisitaSecGralInfraestructures_220916_-Foto-ATur-scaled.jpg\"><img loading=\"lazy\" decoding=\"async\" class=\"aligncenter wp-image-50322 size-large\" src=\"https:\/\/www.conselharan.org\/wp-content\/uploads\/2022\/09\/32_VisitaSecGralInfraestructures_220916_-Foto-ATur-1024x683.jpg\" alt=\"\" width=\"1024\" height=\"683\" srcset=\"https:\/\/www.conselharan.org\/wp-content\/uploads\/2022\/09\/32_VisitaSecGralInfraestructures_220916_-Foto-ATur-1024x683.jpg 1024w, https:\/\/www.conselharan.org\/wp-content\/uploads\/2022\/09\/32_VisitaSecGralInfraestructures_220916_-Foto-ATur-300x200.jpg 300w, https:\/\/www.conselharan.org\/wp-content\/uploads\/2022\/09\/32_VisitaSecGralInfraestructures_220916_-Foto-ATur-768x512.jpg 768w, https:\/\/www.conselharan.org\/wp-content\/uploads\/2022\/09\/32_VisitaSecGralInfraestructures_220916_-Foto-ATur-1536x1024.jpg 1536w, https:\/\/www.conselharan.org\/wp-content\/uploads\/2022\/09\/32_VisitaSecGralInfraestructures_220916_-Foto-ATur-2048x1365.jpg 2048w\" sizes=\"(max-width: 1024px) 100vw, 1024px\" \/><\/a><\/p>\n<ul>\n<li>\n<h3><strong>El secretario general de Infraestructuras del Estado ha visitado hoy el Conselh Generau d\u2019Aran donde ha mantenido un encuentro con los alcaldes araneses y representantes de las Diputaciones de Lleida y Huesca y las comarcas de la Ribagorza catalana y aragonesa<\/strong><\/h3>\n<\/li>\n<\/ul>\n<p>Esta ma\u00f1ana, la s\u00edndica de Aran, Maria Verg\u00e9s, ha recibido en la sede del Conselh Generau d\u2019Aran al secretario general de Infraestructuras del Estado, Xavier Flores, en el marco de su visita institucional de presentaci\u00f3n de proyectos enmarcados en la \u201cAgenda N-230\u201d.<\/p>\n<p>En la reuni\u00f3n mantenida han estado presentes tambi\u00e9n el secretario general para el Reto Demogr\u00e1fico, Paco Boya, los jefes de la Demarcaci\u00f3n de Carreteras de Catalunya y Arag\u00f3n, Vicente Vilanova y Rafael L\u00f3pez, el secretario de Movilidad y Log\u00edstica de la Generalitat, Isidre Gavin, el presidente de la Diputaci\u00f3n de Lleida, Joan Talarn, y el de la Diputaci\u00f3n de Huesca, Miguel Gracia, la presidenta del Consell Comarcal de la Alta Ribagor\u00e7a, M\u00aa Jos\u00e9 Erta, el presidente de la comarca de la Ribagorza, Marcel Iglesias y los alcaldes de los municipios araneses.<\/p>\n<p>En esta reuni\u00f3n, el secretario general ha avanzado las actuaciones previstas en la \u201cAgenda N-230\u201d y ha mostrado el compromiso del Ministerio de Transportes, Movilidad y Agenda Urbana con los territorios implicados en este asunto, asegurando que hay una voluntad de conseguir mejoras importantes en la v\u00eda y llevar a cabo un seguimiento colectivo para asegurar la continuidad del proyecto.<\/p>\n<p>Los proyectos previstos en esta \u201cAgenda N-230\u201d tienen una visi\u00f3n completa de todo el corredor, desde Alfarr\u00e0s hasta la frontera de la Val d\u2019Aran con Francia, y con proyectos planteados con el menor impacto medioambiental posible. En este sentido, el secretario afirmaba que la intenci\u00f3n del Ministerio es poder avanzar en este proyecto lo antes posible para as\u00ed mejorar la carretera y la calidad de vida de las personas que la transitan.<\/p>\n<p>Cabe recordar que el pasado mes de marzo, la s\u00edndica de Aran, junto con los presidentes de las diputaciones de Huesca y Lleida y las presidencias de las comarcas de la Ribagor\u00e7a catalana y la Ribagorza aragonesa, mantuvieron un encuentro de trabajo con el Secretario Flores donde se acord\u00f3 por parte del Ministerio dise\u00f1ar un calendario conjunto de actuaciones y proyectos a llevar a cabo de manera inmediata en la carretera N-230.<\/p>\n<p>Ya a finales del mes de junio, el Ministerio anunci\u00f3 un contrato de servicios para la redacci\u00f3n del proyecto de acondicionamiento de la N-230 con tramos de tres carriles (carretera 2+1), concretamente entre las poblaciones de Benabarre y Sopeira. Y, hoy mismo, el secretario visita nuestro territorio y la localidad de Benabarre, en Huesca, para presentar los proyectos contemplados dentro de esta \u201cAgenda N-230\u201d.<\/p>\n<p>En este sentido, la s\u00edndica ha mostrado \u201cla satisfacci\u00f3n del Conselh Generau d\u2019Aran ante el compromiso mostrado por parte del Ministerio desde el pasado mes de marzo hasta ahora, brindando respuesta a una reclamaci\u00f3n hist\u00f3rica de la Val d\u2019Aran y de los territorios que transita la N-230\u201d y ha avanzado que \u201cdesde el gobierno de Aran continuaremos trabajando en este asunto y restamos a la disposici\u00f3n tanto del Ministerio como de todos los estamentos implicados para colaborar y conseguir, entre todos, unas infraestructuras m\u00e1s seguras y adaptadas a las necesidades del territorio\u201d.<\/p>\n<p>Adem\u00e1s, Verg\u00e9s a\u00f1ad\u00eda que: \u201cestos trabajos se suman a los que ya hemos iniciado tambi\u00e9n con la Generalitat de Catalunya, consiguiendo su compromiso para el impulso de la Agenda de Movilidad Sostenible de Aran y para la mejora de la C-28, asuntos en los que trabajamos de manera conjunta, cerrando as\u00ed el c\u00edrculo para que la Val d\u2019Aran transite hacia una movilidad sostenible adaptada a las necesidades y cambios que vienen\u201d.<\/p>\n ","protected":false},"excerpt":{"rendered":"<p>El secretario general de Infraestructuras del Estado ha visitado hoy el Conselh Generau d\u2019Aran donde ha mantenido un encuentro con los alcaldes araneses y representantes de las Diputaciones de Lleida y Huesca y las comarcas de la Ribagorza catalana y aragonesa Esta ma\u00f1ana, la s\u00edndica de Aran, Maria Verg\u00e9s, ha recibido en la sede del&#8230;<\/p>\n","protected":false},"author":10,"featured_media":50324,"comment_status":"closed","ping_status":"closed","sticky":false,"template":"","format":"standard","meta":{"footnotes":""},"categories":[52],"tags":[],"_links":{"self":[{"href":"https:\/\/www.conselharan.org\/es\/wp-json\/wp\/v2\/posts\/50327"}],"collection":[{"href":"https:\/\/www.conselharan.org\/es\/wp-json\/wp\/v2\/posts"}],"about":[{"href":"https:\/\/www.conselharan.org\/es\/wp-json\/wp\/v2\/types\/post"}],"author":[{"embeddable":true,"href":"https:\/\/www.conselharan.org\/es\/wp-json\/wp\/v2\/users\/10"}],"replies":[{"embeddable":true,"href":"https:\/\/www.conselharan.org\/es\/wp-json\/wp\/v2\/comments?post=50327"}],"version-history":[{"count":1,"href":"https:\/\/www.conselharan.org\/es\/wp-json\/wp\/v2\/posts\/50327\/revisions"}],"predecessor-version":[{"id":50328,"href":"https:\/\/www.conselharan.org\/es\/wp-json\/wp\/v2\/posts\/50327\/revisions\/50328"}],"wp:featuredmedia":[{"embeddable":true,"href":"https:\/\/www.conselharan.org\/es\/wp-json\/wp\/v2\/media\/50324"}],"wp:attachment":[{"href":"https:\/\/www.conselharan.org\/es\/wp-json\/wp\/v2\/media?parent=50327"}],"wp:term":[{"taxonomy":"category","embeddable":true,"href":"https:\/\/www.conselharan.org\/es\/wp-json\/wp\/v2\/categories?post=50327"},{"taxonomy":"post_tag","embeddable":true,"href":"https:\/\/www.conselharan.org\/es\/wp-json\/wp\/v2\/tags?post=50327"}],"curies":[{"name":"wp","href":"https:\/\/api.w.org\/{rel}","templated":true}]}}