{"id":50959,"date":"2022-11-08T14:02:50","date_gmt":"2022-11-08T13:02:50","guid":{"rendered":"https:\/\/www.conselharan.org\/era-sindica-daran-torne-a-sollicitar-limitar-eth-pas-de-camions-ena-n-230-pendent-era-sason-diuern\/"},"modified":"2022-11-08T14:03:40","modified_gmt":"2022-11-08T13:03:40","slug":"era-sindica-daran-torne-a-sollicitar-limitar-eth-pas-de-camions-ena-n-230-pendent-era-sason-diuern","status":"publish","type":"post","link":"https:\/\/www.conselharan.org\/es\/era-sindica-daran-torne-a-sollicitar-limitar-eth-pas-de-camions-ena-n-230-pendent-era-sason-diuern\/","title":{"rendered":"La s\u00edndica de Aran vuelve a solicitar limitar el paso de camiones en la N-230 durante la temporada de invierno"},"content":{"rendered":"<p><a href=\"https:\/\/www.conselharan.org\/wp-content\/uploads\/2022\/11\/Camio-N-230-Vielha-scaled-1.jpg\"><img loading=\"lazy\" decoding=\"async\" class=\"aligncenter wp-image-50954 size-large\" src=\"https:\/\/www.conselharan.org\/wp-content\/uploads\/2022\/11\/Camio-N-230-Vielha-scaled-1-1024x597.jpg\" alt=\"\" width=\"1024\" height=\"597\" srcset=\"https:\/\/www.conselharan.org\/wp-content\/uploads\/2022\/11\/Camio-N-230-Vielha-scaled-1-1024x597.jpg 1024w, https:\/\/www.conselharan.org\/wp-content\/uploads\/2022\/11\/Camio-N-230-Vielha-scaled-1-300x175.jpg 300w, https:\/\/www.conselharan.org\/wp-content\/uploads\/2022\/11\/Camio-N-230-Vielha-scaled-1-768x448.jpg 768w, https:\/\/www.conselharan.org\/wp-content\/uploads\/2022\/11\/Camio-N-230-Vielha-scaled-1-1536x895.jpg 1536w, https:\/\/www.conselharan.org\/wp-content\/uploads\/2022\/11\/Camio-N-230-Vielha-scaled-1-2048x1194.jpg 2048w\" sizes=\"(max-width: 1024px) 100vw, 1024px\" \/><\/a><\/p>\n<ul>\n<li>\n<h3><strong>La s\u00edndica, Maria Verg\u00e9s, se ha dirigido tanto a la Direcci\u00f3n General de Tr\u00e1fico (DGT) como al Servicio Catal\u00e1n de Tr\u00e1nsito para solicitar que se limite el paso de veh\u00edculos articulados durante los meses de invierno y garantizar as\u00ed la seguridad de los usuarios y usuarias de esta carretera<\/strong><\/h3>\n<\/li>\n<li>\n<h3><strong>Tanto el a\u00f1o pasado como en 2019, el gobierno del Conselh Generau d\u2019Aran ya consigui\u00f3 esta limitaci\u00f3n durante los fines de semana entre la localidad de Benabarre (Huesca) y la frontera francesa de la Val d\u2019Aran, una medida con muy buena acogida por parte de los usuarios\/as de la v\u00eda<\/strong><\/h3>\n<\/li>\n<\/ul>\n<p>La s\u00edndica de Aran, Maria Verg\u00e9s, ha solicitado por carta al subdirector general de Gesti\u00f3n de la Movilidad y Tecnolog\u00eda de la Direcci\u00f3n General de Tr\u00e1fico (DGT), Jorge Ord\u00e1s, y a la responsable del Servicio Territorial de Tr\u00e1nsito de Lleida, Maria Trilla, la limitaci\u00f3n del paso de camiones en la N-230 durante la temporada de invierno para garantizar la seguridad de los usuarios\/as de la v\u00eda.<\/p>\n<p>\u201cLa carretera N-230 se caracteriza por ser, durante los \u00faltimos a\u00f1os, una v\u00eda con una alta siniestralidad a causa de la alta presencia de veh\u00edculos articulados y las condiciones orogr\u00e1ficas y climatol\u00f3gicas que la hacen especialmente peligrosa\u201d, afirmaba la s\u00edndica de Aran, a\u00f1adiendo que: \u201cya el a\u00f1o pasado y, previamente, en 2019, solicitamos al Ministerio de Fomento que se estudiaran medidas que ayudaran a paliar este riesgo y, en este sentido, se aprob\u00f3 la restricci\u00f3n del paso de veh\u00edculos articulados de mercanc\u00edas durante la temporada de esqu\u00ed, que es cuando esta v\u00eda cuenta con una mayor afluencia\u201d.<\/p>\n<p>El a\u00f1o pasado y en 2019 ya se consigui\u00f3 limitar el paso de camiones de viernes a domingo entre la localidad de Benabarre (Huesca) y la frontera francesa de la Val d\u2019Aran, una medida muy bien acogida en nuestro territorio y que el gobierno del Conselh Generau d\u2019Aran insta a retomar este a\u00f1o.<\/p>\n ","protected":false},"excerpt":{"rendered":"<p>La s\u00edndica, Maria Verg\u00e9s, se ha dirigido tanto a la Direcci\u00f3n General de Tr\u00e1fico (DGT) como al Servicio Catal\u00e1n de Tr\u00e1nsito para solicitar que se limite el paso de veh\u00edculos articulados durante los meses de invierno y garantizar as\u00ed la seguridad de los usuarios y usuarias de esta carretera Tanto el a\u00f1o pasado como en&#8230;<\/p>\n","protected":false},"author":10,"featured_media":50956,"comment_status":"closed","ping_status":"closed","sticky":false,"template":"","format":"standard","meta":{"footnotes":""},"categories":[52],"tags":[],"_links":{"self":[{"href":"https:\/\/www.conselharan.org\/es\/wp-json\/wp\/v2\/posts\/50959"}],"collection":[{"href":"https:\/\/www.conselharan.org\/es\/wp-json\/wp\/v2\/posts"}],"about":[{"href":"https:\/\/www.conselharan.org\/es\/wp-json\/wp\/v2\/types\/post"}],"author":[{"embeddable":true,"href":"https:\/\/www.conselharan.org\/es\/wp-json\/wp\/v2\/users\/10"}],"replies":[{"embeddable":true,"href":"https:\/\/www.conselharan.org\/es\/wp-json\/wp\/v2\/comments?post=50959"}],"version-history":[{"count":1,"href":"https:\/\/www.conselharan.org\/es\/wp-json\/wp\/v2\/posts\/50959\/revisions"}],"predecessor-version":[{"id":50960,"href":"https:\/\/www.conselharan.org\/es\/wp-json\/wp\/v2\/posts\/50959\/revisions\/50960"}],"wp:featuredmedia":[{"embeddable":true,"href":"https:\/\/www.conselharan.org\/es\/wp-json\/wp\/v2\/media\/50956"}],"wp:attachment":[{"href":"https:\/\/www.conselharan.org\/es\/wp-json\/wp\/v2\/media?parent=50959"}],"wp:term":[{"taxonomy":"category","embeddable":true,"href":"https:\/\/www.conselharan.org\/es\/wp-json\/wp\/v2\/categories?post=50959"},{"taxonomy":"post_tag","embeddable":true,"href":"https:\/\/www.conselharan.org\/es\/wp-json\/wp\/v2\/tags?post=50959"}],"curies":[{"name":"wp","href":"https:\/\/api.w.org\/{rel}","templated":true}]}}