{"id":51301,"date":"2022-12-16T14:02:31","date_gmt":"2022-12-16T13:02:31","guid":{"rendered":"https:\/\/www.conselharan.org\/eth-govern-daran-demane-ath-departament-de-justicia-dera-generalitat-que-mantengue-era-actuau-plantilha-deth-jutjat-de-vielha\/"},"modified":"2022-12-16T14:03:20","modified_gmt":"2022-12-16T13:03:20","slug":"eth-govern-daran-demane-ath-departament-de-justicia-dera-generalitat-que-mantengue-era-actuau-plantilha-deth-jutjat-de-vielha","status":"publish","type":"post","link":"https:\/\/www.conselharan.org\/es\/eth-govern-daran-demane-ath-departament-de-justicia-dera-generalitat-que-mantengue-era-actuau-plantilha-deth-jutjat-de-vielha\/","title":{"rendered":"El gobierno de Aran pide al Departamento de Justicia de la Generalitat que mantenga la actual plantilla del juzgado de Vielha"},"content":{"rendered":"<p><a href=\"https:\/\/www.conselharan.org\/wp-content\/uploads\/2022\/12\/IMG_9711-scaled.jpg\"><img loading=\"lazy\" decoding=\"async\" class=\"aligncenter wp-image-51296 size-large\" src=\"https:\/\/www.conselharan.org\/wp-content\/uploads\/2022\/12\/IMG_9711-scaled-e1671195700973-1024x747.jpg\" alt=\"\" width=\"1024\" height=\"747\" srcset=\"https:\/\/www.conselharan.org\/wp-content\/uploads\/2022\/12\/IMG_9711-scaled-e1671195700973-1024x747.jpg 1024w, https:\/\/www.conselharan.org\/wp-content\/uploads\/2022\/12\/IMG_9711-scaled-e1671195700973-300x219.jpg 300w, https:\/\/www.conselharan.org\/wp-content\/uploads\/2022\/12\/IMG_9711-scaled-e1671195700973-768x560.jpg 768w, https:\/\/www.conselharan.org\/wp-content\/uploads\/2022\/12\/IMG_9711-scaled-e1671195700973-1536x1121.jpg 1536w, https:\/\/www.conselharan.org\/wp-content\/uploads\/2022\/12\/IMG_9711-scaled-e1671195700973-2048x1494.jpg 2048w\" sizes=\"(max-width: 1024px) 100vw, 1024px\" \/><\/a><\/p>\n<ul>\n<li>\n<h3><strong>La s\u00edndica de Aran se ha dirigido a la consellera de Justicia, Derechos y Memoria, despu\u00e9s de conocer que la Generalitat valora la posibilidad de reducir la plantilla de la oficina judicial de Vielha, para solicitar que se mantenga la actual estructura y evitar el riesgo de colapso administrativo y judicial, garantizando a la ciudadan\u00eda aranesa el derecho a la justicia y el acceso a este servicio<\/strong><\/h3>\n<\/li>\n<\/ul>\n<p>La s\u00edndica de Aran, Maria Verg\u00e9s, ha dirigido una carta a la consellera de Justicia, Derechos y Memoria, Gemma Ubasart, despu\u00e9s de que el colectivo de abogados y procuradores del partido judicial de Vielha e Mijaran le haya trasladado que el departamento de Justicia de la Generalitat valora la posibilidad de suprimir un funcionario en el \u00e1mbito de tramitaci\u00f3n de expedientes de la oficina judicial.<\/p>\n<p>La s\u00edndica ha mostrado su preocupaci\u00f3n delante de este asunto y ha expuesto que: \u201cdurante los \u00faltimos a\u00f1os, este juzgado ha atravesado una situaci\u00f3n muy compleja y delicada que ha provocado situaciones de colapso administrativo que con la actual plantilla, que ha sido reforzada, en los \u00faltimos tiempos empieza a mejorar de forma eficaz en lo que hace a la tramitaci\u00f3n \u00e1gil de los expedientes judiciales\u201d.<\/p>\n<p>La presencia de un juzgado de primera instancia en la Val d\u2019Aran que brinde atenci\u00f3n a todo nuestro territorio, apunta la s\u00edndica en su misiva, es esencial para garantizar a la ciudadan\u00eda aranesa el derecho a la justicia y el acceso a este servicio, por lo tanto, delante del riesgo de colapso de este juzgado, ha solicitado \u201cque pod\u00e1is mantener la actual estructura del juzgado de Vielha para la buena gesti\u00f3n de la tramitaci\u00f3n de los expedientes\u201d.<\/p>\n ","protected":false},"excerpt":{"rendered":"<p>La s\u00edndica de Aran se ha dirigido a la consellera de Justicia, Derechos y Memoria, despu\u00e9s de conocer que la Generalitat valora la posibilidad de reducir la plantilla de la oficina judicial de Vielha, para solicitar que se mantenga la actual estructura y evitar el riesgo de colapso administrativo y judicial, garantizando a la ciudadan\u00eda&#8230;<\/p>\n","protected":false},"author":10,"featured_media":51298,"comment_status":"closed","ping_status":"closed","sticky":false,"template":"","format":"standard","meta":{"footnotes":""},"categories":[52],"tags":[],"_links":{"self":[{"href":"https:\/\/www.conselharan.org\/es\/wp-json\/wp\/v2\/posts\/51301"}],"collection":[{"href":"https:\/\/www.conselharan.org\/es\/wp-json\/wp\/v2\/posts"}],"about":[{"href":"https:\/\/www.conselharan.org\/es\/wp-json\/wp\/v2\/types\/post"}],"author":[{"embeddable":true,"href":"https:\/\/www.conselharan.org\/es\/wp-json\/wp\/v2\/users\/10"}],"replies":[{"embeddable":true,"href":"https:\/\/www.conselharan.org\/es\/wp-json\/wp\/v2\/comments?post=51301"}],"version-history":[{"count":1,"href":"https:\/\/www.conselharan.org\/es\/wp-json\/wp\/v2\/posts\/51301\/revisions"}],"predecessor-version":[{"id":51302,"href":"https:\/\/www.conselharan.org\/es\/wp-json\/wp\/v2\/posts\/51301\/revisions\/51302"}],"wp:featuredmedia":[{"embeddable":true,"href":"https:\/\/www.conselharan.org\/es\/wp-json\/wp\/v2\/media\/51298"}],"wp:attachment":[{"href":"https:\/\/www.conselharan.org\/es\/wp-json\/wp\/v2\/media?parent=51301"}],"wp:term":[{"taxonomy":"category","embeddable":true,"href":"https:\/\/www.conselharan.org\/es\/wp-json\/wp\/v2\/categories?post=51301"},{"taxonomy":"post_tag","embeddable":true,"href":"https:\/\/www.conselharan.org\/es\/wp-json\/wp\/v2\/tags?post=51301"}],"curies":[{"name":"wp","href":"https:\/\/api.w.org\/{rel}","templated":true}]}}