{"id":51585,"date":"2023-01-12T14:50:45","date_gmt":"2023-01-12T13:50:45","guid":{"rendered":"https:\/\/www.conselharan.org\/era-sindica-daran-recep-ath-secretari-generau-de-ccoo-en-catalunya\/"},"modified":"2023-01-12T14:55:46","modified_gmt":"2023-01-12T13:55:46","slug":"era-sindica-daran-recep-ath-secretari-generau-de-ccoo-en-catalunya","status":"publish","type":"post","link":"https:\/\/www.conselharan.org\/es\/era-sindica-daran-recep-ath-secretari-generau-de-ccoo-en-catalunya\/","title":{"rendered":"La s\u00edndica de Aran recibe al Secretario General de CCOO en Catalunya"},"content":{"rendered":"<p><a href=\"https:\/\/www.conselharan.org\/wp-content\/uploads\/2023\/01\/IMG_0146-scaled.jpg\"><img loading=\"lazy\" decoding=\"async\" class=\"aligncenter wp-image-51580 size-large\" src=\"https:\/\/www.conselharan.org\/wp-content\/uploads\/2023\/01\/IMG_0146-1024x768.jpg\" alt=\"\" width=\"1024\" height=\"768\" srcset=\"https:\/\/www.conselharan.org\/wp-content\/uploads\/2023\/01\/IMG_0146-1024x768.jpg 1024w, https:\/\/www.conselharan.org\/wp-content\/uploads\/2023\/01\/IMG_0146-300x225.jpg 300w, https:\/\/www.conselharan.org\/wp-content\/uploads\/2023\/01\/IMG_0146-768x576.jpg 768w, https:\/\/www.conselharan.org\/wp-content\/uploads\/2023\/01\/IMG_0146-1536x1152.jpg 1536w, https:\/\/www.conselharan.org\/wp-content\/uploads\/2023\/01\/IMG_0146-2048x1536.jpg 2048w\" sizes=\"(max-width: 1024px) 100vw, 1024px\" \/><\/a><\/p>\n<ul>\n<li>\n<h3><strong>Durante la reuni\u00f3n mantenida, en la que estuvieron tambi\u00e9n presentes el consejero de Territorio, Paisaje y Gesti\u00f3n Ambiental y la secretaria general de CCOO de Lleida, se trataron asuntos de inter\u00e9s para la Val d\u2019Aran como la problem\u00e1tica de la vivienda o la estacionalizaci\u00f3n del territorio, y tanto el gobierno de Aran como el sindicato se comprometieron a abordar de forma conjunta estos retos<\/strong><\/h3>\n<\/li>\n<\/ul>\n<p>La s\u00edndica de Aran, Maria Verg\u00e9s, y el consejero de Territorio, Paisaje y Gesti\u00f3n Ambiental, Franc\u00e9s Bruna, recibieron ayer al secretario general del sindicato CCOO en Catalunya, Javier Pacheco y la secretaria general de CCOO Tierras de Lleida, Cristina Rodr\u00edguez.<\/p>\n<p>Durante la reuni\u00f3n mantenida se trataron temas de inter\u00e9s para la Val d\u2019Aran como la situaci\u00f3n en la que se encuentra la vivienda en Aran o la estacionalizaci\u00f3n en el territorio.<\/p>\n<p>Ante estos asuntos la s\u00edndica afirmaba que: \u201cdesde el gobierno del Conselh Generau compartimos la voluntad de hacer frente de manera conjunta con las sindicatos presentes en Aran a estos retos que nuestro territorio tiene que afrontar\u201d.<\/p>\n<p>CCOO ha abierto en Vielha un local sindical para atender las necesidades de los trabajadores de la Val d\u2019Aran, conscientes de la singularidad y caracter\u00edsticas de las necesidades de nuestro territorio.<\/p>\n ","protected":false},"excerpt":{"rendered":"<p>Durante la reuni\u00f3n mantenida, en la que estuvieron tambi\u00e9n presentes el consejero de Territorio, Paisaje y Gesti\u00f3n Ambiental y la secretaria general de CCOO de Lleida, se trataron asuntos de inter\u00e9s para la Val d\u2019Aran como la problem\u00e1tica de la vivienda o la estacionalizaci\u00f3n del territorio, y tanto el gobierno de Aran como el sindicato&#8230;<\/p>\n","protected":false},"author":10,"featured_media":51582,"comment_status":"closed","ping_status":"closed","sticky":false,"template":"","format":"standard","meta":{"footnotes":""},"categories":[52],"tags":[],"_links":{"self":[{"href":"https:\/\/www.conselharan.org\/es\/wp-json\/wp\/v2\/posts\/51585"}],"collection":[{"href":"https:\/\/www.conselharan.org\/es\/wp-json\/wp\/v2\/posts"}],"about":[{"href":"https:\/\/www.conselharan.org\/es\/wp-json\/wp\/v2\/types\/post"}],"author":[{"embeddable":true,"href":"https:\/\/www.conselharan.org\/es\/wp-json\/wp\/v2\/users\/10"}],"replies":[{"embeddable":true,"href":"https:\/\/www.conselharan.org\/es\/wp-json\/wp\/v2\/comments?post=51585"}],"version-history":[{"count":1,"href":"https:\/\/www.conselharan.org\/es\/wp-json\/wp\/v2\/posts\/51585\/revisions"}],"predecessor-version":[{"id":51586,"href":"https:\/\/www.conselharan.org\/es\/wp-json\/wp\/v2\/posts\/51585\/revisions\/51586"}],"wp:featuredmedia":[{"embeddable":true,"href":"https:\/\/www.conselharan.org\/es\/wp-json\/wp\/v2\/media\/51582"}],"wp:attachment":[{"href":"https:\/\/www.conselharan.org\/es\/wp-json\/wp\/v2\/media?parent=51585"}],"wp:term":[{"taxonomy":"category","embeddable":true,"href":"https:\/\/www.conselharan.org\/es\/wp-json\/wp\/v2\/categories?post=51585"},{"taxonomy":"post_tag","embeddable":true,"href":"https:\/\/www.conselharan.org\/es\/wp-json\/wp\/v2\/tags?post=51585"}],"curies":[{"name":"wp","href":"https:\/\/api.w.org\/{rel}","templated":true}]}}