{"id":51686,"date":"2023-01-20T13:05:59","date_gmt":"2023-01-20T12:05:59","guid":{"rendered":"https:\/\/www.conselharan.org\/eth-conselh-generau-daran-artenh-eth-compromis-dera-generalitat-de-catalunya-enta-aumentar-es-recorsi-tar-aranes\/"},"modified":"2023-01-20T13:07:42","modified_gmt":"2023-01-20T12:07:42","slug":"eth-conselh-generau-daran-artenh-eth-compromis-dera-generalitat-de-catalunya-enta-aumentar-es-recorsi-tar-aranes","status":"publish","type":"post","link":"https:\/\/www.conselharan.org\/es\/eth-conselh-generau-daran-artenh-eth-compromis-dera-generalitat-de-catalunya-enta-aumentar-es-recorsi-tar-aranes\/","title":{"rendered":"El Conselh Generau d\u2019Aran consigue el compromiso de la Generalitat de Catalunya para aumentar los recursos para el aran\u00e9s"},"content":{"rendered":"<p><a href=\"https:\/\/www.conselharan.org\/wp-content\/uploads\/2023\/01\/P1043986-scaled.jpg\"><img loading=\"lazy\" decoding=\"async\" class=\"aligncenter wp-image-51681 size-large\" src=\"https:\/\/www.conselharan.org\/wp-content\/uploads\/2023\/01\/P1043986-1024x768.jpg\" alt=\"\" width=\"1024\" height=\"768\" srcset=\"https:\/\/www.conselharan.org\/wp-content\/uploads\/2023\/01\/P1043986-1024x768.jpg 1024w, https:\/\/www.conselharan.org\/wp-content\/uploads\/2023\/01\/P1043986-300x225.jpg 300w, https:\/\/www.conselharan.org\/wp-content\/uploads\/2023\/01\/P1043986-768x576.jpg 768w, https:\/\/www.conselharan.org\/wp-content\/uploads\/2023\/01\/P1043986-1536x1152.jpg 1536w, https:\/\/www.conselharan.org\/wp-content\/uploads\/2023\/01\/P1043986-2048x1536.jpg 2048w\" sizes=\"(max-width: 1024px) 100vw, 1024px\" \/><\/a><\/p>\n<ul>\n<li>\n<h3><strong>Hoy ha tenido lugar la reuni\u00f3n de la Comisi\u00f3n Bilateral entre el Conselh Generau d\u2019Aran y la Generalitat de Catalunya, donde el gobierno de Aran, despu\u00e9s de meses de negociaci\u00f3n, ha conseguido el compromiso de actualizar y consolidar su competencia plena en materia de lengua, tal y como establece la Ley de Aran<\/strong><\/h3>\n<\/li>\n<li>\n<h3><strong>La Comisi\u00f3n Bilateral ha aprobado tambi\u00e9n otros asuntos relacionados con el apoyo a los deportistas araneses, la mejora en materia de ordenaci\u00f3n del territorio y urbanismo y la sanidad aranesa<\/strong><\/h3>\n<\/li>\n<\/ul>\n<p>Esta ma\u00f1ana ha tenido lugar, en la sede del Conselh Generau d\u2019Aran, la reuni\u00f3n\u00a0 de la Comisi\u00f3n Bilateral entre el gobierno de Aran y la Generalitat de Catalunya correspondiente a 2022, que ha sido copresidida por la s\u00edndica de Aran, Maria Verg\u00e9s, y la consellera de Presidencia, Laura Vilagr\u00e0, en la que han participado tambi\u00e9n el consejero de Econom\u00eda y Promoci\u00f3n Econ\u00f3mica, Juan Antonio Serrano, el consejero de Territorio, Paisaje y Gesti\u00f3n ambiental, Franc\u00e9s Bruna, la consejera de Conocimiento e Innovaci\u00f3n, Angelina Cases, y el consejero de Deportes y Gobernaci\u00f3n, Amador Marqu\u00e9s, as\u00ed como altos cargos de la Generalitat.<\/p>\n<p>\u201cTras varios meses de negociaciones con la Generalitat, el gobierno del Conselh Generau d\u2019Aran ha conseguido el compromiso del gobierno catal\u00e1n para la mejora de los recursos para el aran\u00e9s\u201d, afirmaba la s\u00edndica de Aran, a\u00f1adiendo que: \u201chemos acordado que, este a\u00f1o, el Conselh Generau d\u2019Aran recibir\u00e1 200.000 euros m\u00e1s para el aran\u00e9s y hemos conseguido el compromiso de la Generalitat para que, a lo largo de este 2023, se establezcan los mecanismos para que el Conselh pueda desarrollar sus competencias y se pueda cerrar definitivamente la financiaci\u00f3n necesaria\u201d.<\/p>\n<p>As\u00ed mismo, la s\u00edndica de Aran ha querido \u201cagradecer este primer gesto de la Generalitat que sirve para abrir de manera definitiva la negociaci\u00f3n que tenemos que cerrar este 2023 para consolidar el traspaso en materia de lengua, algo que hemos reclamado todo este tiempo\u201d.<\/p>\n<p>Otros acuerdos a los que ha llegado esta Comisi\u00f3n Bilateral han sido la mejora de recursos en materia de ordenaci\u00f3n del territorio y urbanismo, que tienen que permitir mejorar el servicio t\u00e9cnico de apoyo a los municipios y que \u201ces tambi\u00e9n el\u00a0inicio de los trabajos para conseguir m\u00e1s competencias en estos \u00e1mbitos para poder hacer frente a los retos como el del acceso a la vivienda\u201d.<\/p>\n<p>Hoy tambi\u00e9n se ha aprobado el pago de las ayudas, por valor de 30.000 \u20ac, para los deportistas araneses que forman parte del CETEI de la Val d\u2019Aran, se ha ratificado el convenio entre el Departamento de Salut de la Generalitat y el Conselh Generau, y se ha aprobado la incorporaci\u00f3n de los recursos del traspaso de competencias en el \u00e1mbito de emergencias al Fondo de Financiaci\u00f3n Incondicionado, dado que, desde el 1 de enero de 2023, la competencia en materia de gesti\u00f3n de emergencias pertenece exclusivamente al gobierno aran\u00e9s.<\/p>\n<p>As\u00ed mismo, la s\u00edndica de Aran ha puesto de manifiesto que este 2023 finaliza el actual acuerdo de financiaci\u00f3n entre ambas instituciones y es necesario empezar a trabajar en el dise\u00f1o de un nuevo acuerdo que \u201cpermita al Conselh Generau d\u2019Aran tambi\u00e9n, adem\u00e1s de actualizar las dotaciones presupuestarias, recuperar las partidas para pol\u00edticas propias que permitan la gesti\u00f3n directa sobre las acciones y proyectos, y que se pueda establecer el mecanismo de control de los acuerdos financieros\u201d. En este sentido, la s\u00edndica de Aran tambi\u00e9n ha manifestado \u201cla necesidad de actualizar las inversiones que la Generalitat lleva a cabo en Aran y, que en los \u00faltimos 12 a\u00f1os, se han situado en un -84%, algo que esperamos que pueda revertirse con la remodelaci\u00f3n del Espitau Val d\u2019Aran, la construcci\u00f3n de un centro cultural y de convenciones o con la ampliaci\u00f3n del actual parque de Pompi\u00e8rs de Vielha, as\u00ed como con otras pol\u00edticas de competencia directa de la Generalitat como la mejora de la C-28\u201d,<\/p>\n<p>En esta reuni\u00f3n, se ha aprobado una declaraci\u00f3n institucional conjunta entre el Conselh Generau d\u2019Aran y la Generalitat de Catalunya para el fomento y protecci\u00f3n del aran\u00e9s, que recoge el compromiso de la Generalitat para incrementar este a\u00f1o la transferencia en materia de lengua al Conselh y en la que tambi\u00e9n ambas instituciones se comprometen a desarrollar durante 2023 un proceso conjunto para determinar las necesidades de financiaci\u00f3n para el fomento y protecci\u00f3n del aran\u00e9s y a establecer los mecanismos necesarios para que el Conselh Generau pueda desarrollar con garant\u00edas su competencia plena en esta materia.<\/p>\n ","protected":false},"excerpt":{"rendered":"<p>Hoy ha tenido lugar la reuni\u00f3n de la Comisi\u00f3n Bilateral entre el Conselh Generau d\u2019Aran y la Generalitat de Catalunya, donde el gobierno de Aran, despu\u00e9s de meses de negociaci\u00f3n, ha conseguido el compromiso de actualizar y consolidar su competencia plena en materia de lengua, tal y como establece la Ley de Aran La Comisi\u00f3n&#8230;<\/p>\n","protected":false},"author":10,"featured_media":51683,"comment_status":"closed","ping_status":"closed","sticky":false,"template":"","format":"standard","meta":{"footnotes":""},"categories":[52,132],"tags":[],"_links":{"self":[{"href":"https:\/\/www.conselharan.org\/es\/wp-json\/wp\/v2\/posts\/51686"}],"collection":[{"href":"https:\/\/www.conselharan.org\/es\/wp-json\/wp\/v2\/posts"}],"about":[{"href":"https:\/\/www.conselharan.org\/es\/wp-json\/wp\/v2\/types\/post"}],"author":[{"embeddable":true,"href":"https:\/\/www.conselharan.org\/es\/wp-json\/wp\/v2\/users\/10"}],"replies":[{"embeddable":true,"href":"https:\/\/www.conselharan.org\/es\/wp-json\/wp\/v2\/comments?post=51686"}],"version-history":[{"count":2,"href":"https:\/\/www.conselharan.org\/es\/wp-json\/wp\/v2\/posts\/51686\/revisions"}],"predecessor-version":[{"id":51688,"href":"https:\/\/www.conselharan.org\/es\/wp-json\/wp\/v2\/posts\/51686\/revisions\/51688"}],"wp:featuredmedia":[{"embeddable":true,"href":"https:\/\/www.conselharan.org\/es\/wp-json\/wp\/v2\/media\/51683"}],"wp:attachment":[{"href":"https:\/\/www.conselharan.org\/es\/wp-json\/wp\/v2\/media?parent=51686"}],"wp:term":[{"taxonomy":"category","embeddable":true,"href":"https:\/\/www.conselharan.org\/es\/wp-json\/wp\/v2\/categories?post=51686"},{"taxonomy":"post_tag","embeddable":true,"href":"https:\/\/www.conselharan.org\/es\/wp-json\/wp\/v2\/tags?post=51686"}],"curies":[{"name":"wp","href":"https:\/\/api.w.org\/{rel}","templated":true}]}}