{"id":51698,"date":"2023-01-21T10:57:10","date_gmt":"2023-01-21T09:57:10","guid":{"rendered":"https:\/\/www.conselharan.org\/declaracion-conjunta-conselh-generalitat-de-foment-e-proteccion-der-aranes\/"},"modified":"2023-01-21T11:02:17","modified_gmt":"2023-01-21T10:02:17","slug":"declaracion-conjunta-conselh-generalitat-de-foment-e-proteccion-der-aranes","status":"publish","type":"post","link":"https:\/\/www.conselharan.org\/es\/declaracion-conjunta-conselh-generalitat-de-foment-e-proteccion-der-aranes\/","title":{"rendered":"Declaracion conjunta Conselh-Generalitat de foment e proteccion der  aran\u00e9s"},"content":{"rendered":"<p><strong>Declaracion comuna dera representacion deth Gov\u00e8rn dera Generalitat de Catalonha e dera representacion deth Conselh Generau d\u2019Aran de foment e proteccion der occitan aran\u00e9s<\/strong><\/p>\n<p><em>Amassada era Comission Bilaterau entre era Generalitat de Catalonha e eth Conselh Generau d\u2019Aran, coma organisme permanent de relacion entre es gov\u00e8rns dera Generalitat e d\u2019Aran, eth dia 20 de g\u00e8r de 2023 en Vielha, damb eth convenciment qu\u2019er aran\u00e9s, lengua pr\u00f2pia d\u2019Aran, ei eth pilar fondamentau dera cultura e era societat araneses a on se tr\u00f2be eth motiu d\u2019\u00e8ster der autogov\u00e8rn aran\u00e9s, apr\u00f2ve era declaracion:<\/em><\/p>\n<p>&nbsp;<\/p>\n<p>Constatam qu\u2019Aran ei ua societat qu\u2019enes darr\u00e8rs ans a acuelhut persones vengudes de pertot, e per aguest motiu a de besonh refortir es referents ling\u00fcistics e culturaus aranesi coma airina e factor d\u2019acuelhuda e de coesion sociau.<\/p>\n<p>Partim deth convenciment dera idea qu\u2019en un mon globalizat cau def\u00e9ner es leng\u00fces pr\u00f2pies deth territ\u00f2ri a partir deth principi dera subsidiaritat ling\u00fcistica.<\/p>\n<p>Assumim es desfisi que gen\u00e8re era gestion adequada deth pluriling\u00fcisme, e, donc, era defensa e era consolidacion dera lengua pr\u00f2pia ent\u00e0 h\u00e8\u2019c compatible damb era reconeishen\u00e7a, er aprendissatge e er emplec de d\u2019autes leng\u00fces.<\/p>\n<p>Afirmam qu\u2019aguestes idees s\u2019an de concretar en t\u00e8rmes de bones practiques enes politiques ling\u00fcistiques, qu\u2019afavorisquen e garantisquen er usatge der aran\u00e9s en toti es domenis e usi, com ena topon\u00edmia, es institucions, es mejans de comunicacion, es esc\u00f2les, etc.<\/p>\n<p>Damb era assompcion explicita d\u2019aguesti principis, es dues institucions se comprometen a:<\/p>\n<p>&nbsp;<\/p>\n<ul>\n<li>Assegurar eth comprom\u00eds mutuau de garantir eth sup\u00f2rt tara lengua pr\u00f2pia d\u2019Aran. En conseq\u00fc\u00e9ncia, s\u2019incremente en nau pressup\u00f2st der an 2023 era dotacion mejan\u00e7ant era transfer\u00e9ncia ath Conselh Generau d\u2019Aran de 200.000\u20ac entath foment der aran\u00e9s per part dera Secretaria de Pol\u00edtica Ling\u00fc\u00edstica deth Departament de Cultura dera Generalitat de Catalonha.<\/li>\n<li>Iniciar un proc\u00e8s comun ent\u00e0 determinar es besonhs objectius de finan\u00e7ament, d\u2019ac\u00f2rd damb aquer\u00f2 qu\u2019establ\u00eds era Lei 1\/2015, de 5 de hereu\u00e8r, de Regim Especiau d\u2019Aran, entath foment e proteccion der aran\u00e9s, que culmine en acabar er an 2023.<\/li>\n<li>Establir, en aguest proc\u00e8s, es mecanismes necessaris ent\u00e0 qu\u2019eth Conselh Generau d\u2019Aran, com era m\u00e0ger institucion d\u2019autogov\u00e8rn d\u2019Aran, pogue desvolopar damb garanties era sua compet\u00e9ncia plea en aguesta mat\u00e8ria, d\u2019ac\u00f2rd damb aquer\u00f2 qu\u2019establ\u00eds er art. 51 dera Lei 1\/2015, de 5 de hereu\u00e8r, deth regim especiau d\u2019Aran<\/li>\n<\/ul>\n ","protected":false},"excerpt":{"rendered":"<p>Declaracion comuna dera representacion deth Gov\u00e8rn dera Generalitat de Catalonha e dera representacion deth Conselh Generau d\u2019Aran de foment e proteccion der occitan aran\u00e9s Amassada era Comission Bilaterau entre era Generalitat de Catalonha e eth Conselh Generau d\u2019Aran, coma organisme permanent de relacion entre es gov\u00e8rns dera Generalitat e d\u2019Aran, eth dia 20 de g\u00e8r&#8230;<\/p>\n","protected":false},"author":10,"featured_media":51680,"comment_status":"closed","ping_status":"closed","sticky":false,"template":"","format":"standard","meta":{"footnotes":""},"categories":[52],"tags":[],"_links":{"self":[{"href":"https:\/\/www.conselharan.org\/es\/wp-json\/wp\/v2\/posts\/51698"}],"collection":[{"href":"https:\/\/www.conselharan.org\/es\/wp-json\/wp\/v2\/posts"}],"about":[{"href":"https:\/\/www.conselharan.org\/es\/wp-json\/wp\/v2\/types\/post"}],"author":[{"embeddable":true,"href":"https:\/\/www.conselharan.org\/es\/wp-json\/wp\/v2\/users\/10"}],"replies":[{"embeddable":true,"href":"https:\/\/www.conselharan.org\/es\/wp-json\/wp\/v2\/comments?post=51698"}],"version-history":[{"count":1,"href":"https:\/\/www.conselharan.org\/es\/wp-json\/wp\/v2\/posts\/51698\/revisions"}],"predecessor-version":[{"id":51699,"href":"https:\/\/www.conselharan.org\/es\/wp-json\/wp\/v2\/posts\/51698\/revisions\/51699"}],"wp:featuredmedia":[{"embeddable":true,"href":"https:\/\/www.conselharan.org\/es\/wp-json\/wp\/v2\/media\/51680"}],"wp:attachment":[{"href":"https:\/\/www.conselharan.org\/es\/wp-json\/wp\/v2\/media?parent=51698"}],"wp:term":[{"taxonomy":"category","embeddable":true,"href":"https:\/\/www.conselharan.org\/es\/wp-json\/wp\/v2\/categories?post=51698"},{"taxonomy":"post_tag","embeddable":true,"href":"https:\/\/www.conselharan.org\/es\/wp-json\/wp\/v2\/tags?post=51698"}],"curies":[{"name":"wp","href":"https:\/\/api.w.org\/{rel}","templated":true}]}}