{"id":51937,"date":"2023-02-08T15:34:33","date_gmt":"2023-02-08T14:34:33","guid":{"rendered":"https:\/\/www.conselharan.org\/?p=51937"},"modified":"2023-02-08T15:34:33","modified_gmt":"2023-02-08T14:34:33","slug":"el-gobierno-de-aran-y-pimec-se-emplazan-a-trabajar-conjuntamente-en-el-impulso-del-comercio-de-la-val-daran","status":"publish","type":"post","link":"https:\/\/www.conselharan.org\/es\/el-gobierno-de-aran-y-pimec-se-emplazan-a-trabajar-conjuntamente-en-el-impulso-del-comercio-de-la-val-daran\/","title":{"rendered":"El gobierno de Aran y PIMEC se emplazan a trabajar conjuntamente en el impulso del comercio de la Val d\u2019Aran"},"content":{"rendered":"<p><a href=\"https:\/\/www.conselharan.org\/es\/el-gobierno-de-aran-y-pimec-se-emplazan-a-trabajar-conjuntamente-en-el-impulso-del-comercio-de-la-val-daran\/img_0752-2\/\" rel=\"attachment wp-att-51931\"><img loading=\"lazy\" decoding=\"async\" class=\"aligncenter size-large wp-image-51931\" src=\"https:\/\/www.conselharan.org\/wp-content\/uploads\/2023\/02\/IMG_0752-1024x768.jpg\" alt=\"\" width=\"1024\" height=\"768\" srcset=\"https:\/\/www.conselharan.org\/wp-content\/uploads\/2023\/02\/IMG_0752-1024x768.jpg 1024w, https:\/\/www.conselharan.org\/wp-content\/uploads\/2023\/02\/IMG_0752-300x225.jpg 300w, https:\/\/www.conselharan.org\/wp-content\/uploads\/2023\/02\/IMG_0752-768x576.jpg 768w, https:\/\/www.conselharan.org\/wp-content\/uploads\/2023\/02\/IMG_0752-1536x1152.jpg 1536w, https:\/\/www.conselharan.org\/wp-content\/uploads\/2023\/02\/IMG_0752-2048x1536.jpg 2048w\" sizes=\"(max-width: 1024px) 100vw, 1024px\" \/><\/a><\/p>\n<p>&nbsp;<\/p>\n<p><strong>\u2022 El Conselh Generau d\u2019Aran llev\u00f3 a cabo un Plan de Dinamizaci\u00f3n Econ\u00f3mico-Comercial que qued\u00f3 parado a causa de la pandemia y en el que ahora trabaja para poder desarrollarlo de acuerdo con el sector<\/strong><\/p>\n<p><strong>\u2022 Durante la reuni\u00f3n con PIMEC ayer se plante\u00f3 tambi\u00e9n implementar estrategias conjuntas para poder llevar a cabo las acciones contempladas en este documento<\/strong><\/p>\n<p>&nbsp;<\/p>\n<p>La s\u00edndica de Aran, Maria Verg\u00e9s, los consejeros de Econom\u00eda y Promoci\u00f3n Econ\u00f3mica, Juan Antonio Serrano y Josep Canut, y el consejero de Gobernanza, Amador Marqu\u00e9s, recibieron ayer al presidente de PIMEComer\u00e7 de Lleida y su equipo para tratar sobre asuntos relacionados con el comercio de la Val d\u2019Aran.<\/p>\n<p>Este encuentro sirvi\u00f3 para emplazarse a trabajar de manera conjunto en el impulso del tejido empresarial de la Val d\u2019Aran y brindar apoyo al comercio local del territorio.<\/p>\n<p>&nbsp;<\/p>\n<p>&nbsp;<\/p>\n<p><em>Vielha, 8 de febrero de 2023<\/em><\/p>\n ","protected":false},"excerpt":{"rendered":"<p>&nbsp; \u2022 El Conselh Generau d\u2019Aran llev\u00f3 a cabo un Plan de Dinamizaci\u00f3n Econ\u00f3mico-Comercial que qued\u00f3 parado a causa de la pandemia y en el que ahora trabaja para poder desarrollarlo de acuerdo con el sector \u2022 Durante la reuni\u00f3n con PIMEC ayer se plante\u00f3 tambi\u00e9n implementar estrategias conjuntas para poder llevar a cabo las&#8230;<\/p>\n","protected":false},"author":2,"featured_media":51931,"comment_status":"closed","ping_status":"closed","sticky":false,"template":"","format":"standard","meta":{"footnotes":""},"categories":[52,801,137],"tags":[],"_links":{"self":[{"href":"https:\/\/www.conselharan.org\/es\/wp-json\/wp\/v2\/posts\/51937"}],"collection":[{"href":"https:\/\/www.conselharan.org\/es\/wp-json\/wp\/v2\/posts"}],"about":[{"href":"https:\/\/www.conselharan.org\/es\/wp-json\/wp\/v2\/types\/post"}],"author":[{"embeddable":true,"href":"https:\/\/www.conselharan.org\/es\/wp-json\/wp\/v2\/users\/2"}],"replies":[{"embeddable":true,"href":"https:\/\/www.conselharan.org\/es\/wp-json\/wp\/v2\/comments?post=51937"}],"version-history":[{"count":2,"href":"https:\/\/www.conselharan.org\/es\/wp-json\/wp\/v2\/posts\/51937\/revisions"}],"predecessor-version":[{"id":51939,"href":"https:\/\/www.conselharan.org\/es\/wp-json\/wp\/v2\/posts\/51937\/revisions\/51939"}],"wp:featuredmedia":[{"embeddable":true,"href":"https:\/\/www.conselharan.org\/es\/wp-json\/wp\/v2\/media\/51931"}],"wp:attachment":[{"href":"https:\/\/www.conselharan.org\/es\/wp-json\/wp\/v2\/media?parent=51937"}],"wp:term":[{"taxonomy":"category","embeddable":true,"href":"https:\/\/www.conselharan.org\/es\/wp-json\/wp\/v2\/categories?post=51937"},{"taxonomy":"post_tag","embeddable":true,"href":"https:\/\/www.conselharan.org\/es\/wp-json\/wp\/v2\/tags?post=51937"}],"curies":[{"name":"wp","href":"https:\/\/api.w.org\/{rel}","templated":true}]}}