{"id":5202,"date":"2014-10-17T15:47:35","date_gmt":"2014-10-17T13:47:35","guid":{"rendered":"http:\/\/www.conselharan.org\/?p=5202"},"modified":"2014-10-17T15:47:35","modified_gmt":"2014-10-17T13:47:35","slug":"el-conselh-generau-repara-la-pista-de-portet-2","status":"publish","type":"post","link":"https:\/\/www.conselharan.org\/es\/el-conselh-generau-repara-la-pista-de-portet-2\/","title":{"rendered":"El Conselh Generau repara la pista de Portet"},"content":{"rendered":"<p><a href=\"http:\/\/www.conselharan.org\/wp-content\/uploads\/2014\/10\/portet.jpg\"><img loading=\"lazy\" decoding=\"async\" class=\"aligncenter size-large wp-image-5197\" alt=\"portet\" src=\"http:\/\/www.conselharan.org\/wp-content\/uploads\/2014\/10\/portet-1024x768.jpg\" width=\"1024\" height=\"768\" srcset=\"https:\/\/www.conselharan.org\/wp-content\/uploads\/2014\/10\/portet-1024x768.jpg 1024w, https:\/\/www.conselharan.org\/wp-content\/uploads\/2014\/10\/portet-300x225.jpg 300w\" sizes=\"(max-width: 1024px) 100vw, 1024px\" \/><\/a><\/p>\n<p>La pista de Portet, ubicada en el t\u00e9rmino municipal de Les, estaba bastante malograda como consecuencia de los males provocados por el colapso del drenaje de la pista que provocaron desprendimientos en la misma echando a perder la caja del pavimento y las protecciones.<\/p>\n<p>El Conselh Generau d\u2019Aran firm\u00f3 un convenio con la Fundaci\u00f3n Endesa para reparar, entre otros, esta pista forestal de los desperfectos ocasionados por las trombas de agua del a\u00f1o pasado, con un presupuesto de ejecuci\u00f3n de <strong>100.947,75\u20ac.<\/strong><\/p>\n<p><a href=\"http:\/\/www.conselharan.org\/wp-content\/uploads\/2014\/10\/portet-1.jpg\"><img loading=\"lazy\" decoding=\"async\" class=\"aligncenter size-large wp-image-5198\" alt=\"portet 1\" src=\"http:\/\/www.conselharan.org\/wp-content\/uploads\/2014\/10\/portet-1-1024x768.jpg\" width=\"1024\" height=\"768\" srcset=\"https:\/\/www.conselharan.org\/wp-content\/uploads\/2014\/10\/portet-1-1024x768.jpg 1024w, https:\/\/www.conselharan.org\/wp-content\/uploads\/2014\/10\/portet-1-300x225.jpg 300w\" sizes=\"(max-width: 1024px) 100vw, 1024px\" \/><\/a><\/p>\n<p>Estas actuaciones, seg\u00fan ha explicado el conselh\u00e8r de Agricultura, Ganader\u00eda y Medio Natural de Aran, <strong>Jose E. Arr\u00f3, \u201ccomportar\u00e1n una mayor seguridad por los ganaderos de Las a su acceso en la monta\u00f1a de Portet\u201d.<\/strong><\/p>\n<p>Por su parte, el conselh\u00e8r de Territorio de Aran, <strong>Eduardo Valdecantos<\/strong>, ha manifestado <strong>la importancia de estas actuaciones, as\u00ed como el esfuerzo del Gobierno en la reparaci\u00f3n y mejora de las infraestructuras en los pueblos de Les y Boss\u00f2st.<\/strong><\/p>\n ","protected":false},"excerpt":{"rendered":"<p>La pista de Portet, ubicada en el t\u00e9rmino municipal de Les, estaba bastante malograda como consecuencia de los males provocados por el colapso del drenaje de la pista que provocaron desprendimientos en la misma echando a perder la caja del pavimento y las protecciones. El Conselh Generau d\u2019Aran firm\u00f3 un convenio con la Fundaci\u00f3n Endesa&#8230;<\/p>\n","protected":false},"author":2,"featured_media":5198,"comment_status":"closed","ping_status":"closed","sticky":false,"template":"","format":"standard","meta":{"footnotes":""},"categories":[30,52,126,34,37],"tags":[],"_links":{"self":[{"href":"https:\/\/www.conselharan.org\/es\/wp-json\/wp\/v2\/posts\/5202"}],"collection":[{"href":"https:\/\/www.conselharan.org\/es\/wp-json\/wp\/v2\/posts"}],"about":[{"href":"https:\/\/www.conselharan.org\/es\/wp-json\/wp\/v2\/types\/post"}],"author":[{"embeddable":true,"href":"https:\/\/www.conselharan.org\/es\/wp-json\/wp\/v2\/users\/2"}],"replies":[{"embeddable":true,"href":"https:\/\/www.conselharan.org\/es\/wp-json\/wp\/v2\/comments?post=5202"}],"version-history":[{"count":1,"href":"https:\/\/www.conselharan.org\/es\/wp-json\/wp\/v2\/posts\/5202\/revisions"}],"predecessor-version":[{"id":5203,"href":"https:\/\/www.conselharan.org\/es\/wp-json\/wp\/v2\/posts\/5202\/revisions\/5203"}],"wp:featuredmedia":[{"embeddable":true,"href":"https:\/\/www.conselharan.org\/es\/wp-json\/wp\/v2\/media\/5198"}],"wp:attachment":[{"href":"https:\/\/www.conselharan.org\/es\/wp-json\/wp\/v2\/media?parent=5202"}],"wp:term":[{"taxonomy":"category","embeddable":true,"href":"https:\/\/www.conselharan.org\/es\/wp-json\/wp\/v2\/categories?post=5202"},{"taxonomy":"post_tag","embeddable":true,"href":"https:\/\/www.conselharan.org\/es\/wp-json\/wp\/v2\/tags?post=5202"}],"curies":[{"name":"wp","href":"https:\/\/api.w.org\/{rel}","templated":true}]}}