{"id":52127,"date":"2023-02-23T14:57:02","date_gmt":"2023-02-23T13:57:02","guid":{"rendered":"https:\/\/www.conselharan.org\/?p=52127"},"modified":"2023-02-23T14:57:02","modified_gmt":"2023-02-23T13:57:02","slug":"el-conselh-generau-donara-una-ambulancia-a-la-asociacion-de-ucranianos-de-la-val-daran","status":"publish","type":"post","link":"https:\/\/www.conselharan.org\/es\/el-conselh-generau-donara-una-ambulancia-a-la-asociacion-de-ucranianos-de-la-val-daran\/","title":{"rendered":"El Conselh Generau donar\u00e1 una ambulancia a la Asociaci\u00f3n de Ucranianos de la Val d\u2019Aran"},"content":{"rendered":"<p><a href=\"https:\/\/www.conselharan.org\/es\/el-conselh-generau-donara-una-ambulancia-a-la-asociacion-de-ucranianos-de-la-val-daran\/international-g45aca7a38_1280-2\/\" rel=\"attachment wp-att-52121\"><img loading=\"lazy\" decoding=\"async\" class=\"aligncenter size-large wp-image-52121\" src=\"https:\/\/www.conselharan.org\/wp-content\/uploads\/2023\/02\/international-g45aca7a38_1280-1024x768.jpg\" alt=\"\" width=\"1024\" height=\"768\" srcset=\"https:\/\/www.conselharan.org\/wp-content\/uploads\/2023\/02\/international-g45aca7a38_1280-1024x768.jpg 1024w, https:\/\/www.conselharan.org\/wp-content\/uploads\/2023\/02\/international-g45aca7a38_1280-300x225.jpg 300w, https:\/\/www.conselharan.org\/wp-content\/uploads\/2023\/02\/international-g45aca7a38_1280-768x576.jpg 768w, https:\/\/www.conselharan.org\/wp-content\/uploads\/2023\/02\/international-g45aca7a38_1280.jpg 1280w\" sizes=\"(max-width: 1024px) 100vw, 1024px\" \/><\/a><\/p>\n<p>&nbsp;<\/p>\n<p>\u2022<strong> La m\u00e1xima instituci\u00f3n aranesa, a trav\u00e9s de Pompi\u00e8rs Emerg\u00e9cies, ha iniciado los tr\u00e1mites necesarios para poder donar una ambulancia 4&#215;4 de Soporte Vital B\u00e1sico, que actualmente se encontraba en desuso, a la Asociaci\u00f3n de Ucranianos de Aran para proporcionar asistencia m\u00e9dica continuada a las v\u00edctimas de la guerra en Ucrania<\/strong><\/p>\n<p>Dando respuesta a una petici\u00f3n de la Asociaci\u00f3n de Ucranianos de la Val d\u2019Aran, el Conselh Generau d\u2019Aran ha iniciado los tr\u00e1mites administrativos para poder donar una ambulancia 4&#215;4 de Soporte Vital B\u00e1sico (USVB) de Pompi\u00e8rs Emerg\u00e9ncies para proporcionar asistencia m\u00e9dica continuada a las v\u00edctimas de la guerra en Ucrania.<br \/>\nEste veh\u00edculo de los Pompi\u00e8rs d\u2019Aran se encontraba actualmente en desuso y se otorgar\u00e1 con el equipamiento b\u00e1sico y material m\u00e9dico fungible para que pueda ser empleado desde el momento de la entrega.<\/p>\n<p>\u201cComo m\u00e1xima instituci\u00f3n aranesa queremos hacer todo lo que est\u00e9 en nuestra mano para tratar de paliar el dolor y sufrimiento de tantos miles de personas v\u00edctimas del horror y la injusticia\u201d aseguraba la s\u00edndica de Aran.<\/p>\n<p>En este sentido, el mes de marzo pasado, gracias a la compa\u00f1a gestionada a trav\u00e9s de los Pompi\u00e8rs d\u2019Aran en la que participaron alrededor de 70 voluntarios\/as, se recogieron 30 palets de alimentos, productos de higiene personal y otros productos de primera necesidad; 100 m3 de ropa de abrigo, mantas, sacos de dormir, ropa de cama y toallas, y casi 3.800 unidades de medicamentos, material sanitario e infantil donado por el Conselh Generau a trav\u00e9s de Aran Salut , que se hicieron llegar a Ucrania a trav\u00e9s del Consulado del pa\u00eds en Barcelona.<\/p>\n<p>&nbsp;<\/p>\n<p>&nbsp;<\/p>\n<p><em>Vielha, 23 de febrero de 2023<\/em><\/p>\n ","protected":false},"excerpt":{"rendered":"<p>&nbsp; \u2022 La m\u00e1xima instituci\u00f3n aranesa, a trav\u00e9s de Pompi\u00e8rs Emerg\u00e9cies, ha iniciado los tr\u00e1mites necesarios para poder donar una ambulancia 4&#215;4 de Soporte Vital B\u00e1sico, que actualmente se encontraba en desuso, a la Asociaci\u00f3n de Ucranianos de Aran para proporcionar asistencia m\u00e9dica continuada a las v\u00edctimas de la guerra en Ucrania Dando respuesta a&#8230;<\/p>\n","protected":false},"author":2,"featured_media":52121,"comment_status":"closed","ping_status":"closed","sticky":false,"template":"","format":"standard","meta":{"footnotes":""},"categories":[145],"tags":[],"_links":{"self":[{"href":"https:\/\/www.conselharan.org\/es\/wp-json\/wp\/v2\/posts\/52127"}],"collection":[{"href":"https:\/\/www.conselharan.org\/es\/wp-json\/wp\/v2\/posts"}],"about":[{"href":"https:\/\/www.conselharan.org\/es\/wp-json\/wp\/v2\/types\/post"}],"author":[{"embeddable":true,"href":"https:\/\/www.conselharan.org\/es\/wp-json\/wp\/v2\/users\/2"}],"replies":[{"embeddable":true,"href":"https:\/\/www.conselharan.org\/es\/wp-json\/wp\/v2\/comments?post=52127"}],"version-history":[{"count":2,"href":"https:\/\/www.conselharan.org\/es\/wp-json\/wp\/v2\/posts\/52127\/revisions"}],"predecessor-version":[{"id":52129,"href":"https:\/\/www.conselharan.org\/es\/wp-json\/wp\/v2\/posts\/52127\/revisions\/52129"}],"wp:featuredmedia":[{"embeddable":true,"href":"https:\/\/www.conselharan.org\/es\/wp-json\/wp\/v2\/media\/52121"}],"wp:attachment":[{"href":"https:\/\/www.conselharan.org\/es\/wp-json\/wp\/v2\/media?parent=52127"}],"wp:term":[{"taxonomy":"category","embeddable":true,"href":"https:\/\/www.conselharan.org\/es\/wp-json\/wp\/v2\/categories?post=52127"},{"taxonomy":"post_tag","embeddable":true,"href":"https:\/\/www.conselharan.org\/es\/wp-json\/wp\/v2\/tags?post=52127"}],"curies":[{"name":"wp","href":"https:\/\/api.w.org\/{rel}","templated":true}]}}