{"id":52161,"date":"2023-02-28T13:15:04","date_gmt":"2023-02-28T12:15:04","guid":{"rendered":"https:\/\/www.conselharan.org\/?p=52161"},"modified":"2023-02-28T13:15:05","modified_gmt":"2023-02-28T12:15:05","slug":"el-gobierno-de-aran-acuerda-con-la-generalitat-de-catalunya-la-creacion-de-la-mesa-de-la-vivienda-en-aran","status":"publish","type":"post","link":"https:\/\/www.conselharan.org\/es\/el-gobierno-de-aran-acuerda-con-la-generalitat-de-catalunya-la-creacion-de-la-mesa-de-la-vivienda-en-aran\/","title":{"rendered":"El gobierno de Aran acuerda con la Generalitat de Catalunya la creaci\u00f3n de la Mesa de la Vivienda en Aran"},"content":{"rendered":"<p><a href=\"https:\/\/www.conselharan.org\/es\/el-gobierno-de-aran-acuerda-con-la-generalitat-de-catalunya-la-creacion-de-la-mesa-de-la-vivienda-en-aran\/img-1044040-2\/\" rel=\"attachment wp-att-52155\"><img loading=\"lazy\" decoding=\"async\" class=\"aligncenter size-full wp-image-52155\" src=\"https:\/\/www.conselharan.org\/wp-content\/uploads\/2023\/02\/IMG-1044040.png\" alt=\"\" width=\"800\" height=\"600\" srcset=\"https:\/\/www.conselharan.org\/wp-content\/uploads\/2023\/02\/IMG-1044040.png 800w, https:\/\/www.conselharan.org\/wp-content\/uploads\/2023\/02\/IMG-1044040-300x225.png 300w, https:\/\/www.conselharan.org\/wp-content\/uploads\/2023\/02\/IMG-1044040-768x576.png 768w\" sizes=\"(max-width: 800px) 100vw, 800px\" \/><\/a><\/p>\n<p>&nbsp;<\/p>\n<p><strong>\u2022 Esta ma\u00f1ana la s\u00edndica de Aran, acompa\u00f1ada del conselh\u00e8r de Gobernaci\u00f3n, ha recibido al conseller de Territorio de la Generalitat con quien han tratado, entre otros, de la mejora de la carretera C-28, con la que los presupuestos de la Generalitat para este 2023 ya contemplan una partida para elaborar el proyecto de mejora.<\/strong><\/p>\n<p><strong>\u2022 Durante el encuentro han acordado crear una mesa de la Vivienda, en la l\u00ednea de trabajo comenzado con la Agenda de la Movilidad Sostenible de Aran, para trabajar conjuntamente, con la implicaci\u00f3n de los ayuntamientos araneses, para solucionar la falta de vivienda asequible en nuestro territorio y abordar la grave problem\u00e1tica del acceso a la vivienda en Aran.<\/strong><\/p>\n<p><strong>\u2022 La s\u00edndica de Aran ha trasladado al conseller de Territorio la necesidad que el Conselh Generau d\u2019Aran consiga, as\u00ed y c\u00f3mo manda la Ley de Aran, m\u00e1s competencias dotadas como es debido en esta \u00e1rea para poder desarrollar pol\u00edtica de impacto directo que ayuden a mejorar el acceso a una vivienda digna y accesible en Aran<\/strong><\/p>\n<p><strong>\u2022 As\u00ed mismo, las de mejora de la C-28, y la s\u00edndica de Aran y el conseller de Territorio se han emplazado para que ambos gobiernos trabajen conjuntamente para conseguir una mejora de la seguridad vial en esta carretera y una transici\u00f3n para un modelo de movilidad m\u00e1s sostenible.<\/strong><\/p>\n<p>&nbsp;<\/p>\n<p>Esta ma\u00f1ana, la s\u00edndica de Aran, Maria Verg\u00e9s, y el conselh\u00e8r de Gobernaci\u00f3n, Amador Marqu\u00e9s, han recibido en la sede del Conselh Generau d\u2019Aran al conseller de Territorio de la Generalitat, Juli Fern\u00e0ndez, con quien han tratado varias cuestiones que influyen de forma directa en el territorio, como la problem\u00e1tica de la vivienda o el estado de la C-28, entre otros asuntos.<\/p>\n<p>\u201c<strong>Del Conselh Generau d\u2019Aran ac\u00e1 hemos trasladado al conseller nuestra preocupaci\u00f3n ante la grave situaci\u00f3n de falta de vivienda en Aran, que es una cuesti\u00f3n que reclama soluciones urgentes<\/strong>\u201d manifestaba la s\u00edndica de Aran, a\u00f1adiendo que: \u201cdes del gobierno d\u2019Aran <strong>hemos iniciado la elaboraci\u00f3n de un Plan de Vivienda, en la l\u00ednea del Plan Sectorial de Vivienda de la Generalitat, pero es necesario ampliar nuestras competencias en este \u00e1mbito y que sean dotadas econ\u00f3micamente como es debido, para desarrollar pol\u00edticas que faciliten el acceso a una vivienda digna y accesible<\/strong>. Sin olvidar que, as\u00ed y como marca el art\u00edculo 137 del Estatuto de Autonom\u00eda de Catalunya, la competencia exclusiva en materia de vivienda corresponde a la Generalitat\u201d.<\/p>\n<p>En este sentido, el art\u00edculo 60 de la Ley de Aran establece que e<strong>l Conselh Generau d\u2019Aran tiene las competencias relativas a suelo y vivienda, especialmente la promoci\u00f3n y la gesti\u00f3n de la vivienda p\u00fablica<\/strong>, tanto el destinado a la venta como al r\u00e9gimen de alquiler. As\u00ed mismo, marca que el Conselh puede crear una entidad instrumental de car\u00e1cter institucional que, si hace falta, puede tener la condici\u00f3n de Administraci\u00f3n actuante.<\/p>\n<p>El conselh\u00e8r Marqu\u00e9s destacaba que: \u201cel estudio que hemos encargado para elaborar <strong>nuestro Plan de Vivienda se realizar\u00e1 con la colaboraci\u00f3n de los Ayuntamientos de la Val d\u2019Aran, y se desarrollar\u00e1 una diagnosis que permita impulsar la pol\u00edtica de vivienda que mejoren la actual situaci\u00f3n<\/strong>\u201d.<\/p>\n<p>Adem\u00e1s de este asunto, se ha tratado tambi\u00e9n sobre <strong>el estado de la carretera C-28<\/strong>. En este sentido, la s\u00edndica de Aran afirmaba que: \u201cl<strong>os presupuestos de la Generalitat de Catalunya para este a\u00f1o contemplan una partida de un mill\u00f3n de euros para desarrollar el proyecto de mejora de esta carretera<\/strong>, por lo tanto, estamos muy <strong>satisfechos de ver que esta cuesti\u00f3n, que para Aran es esencial, avanza, as\u00ed y como lo hace el proyecto de la N-230<\/strong>\u201d y a\u00f1ad\u00eda que: \u201cnos hemos emplazado para seguir abordando este asunto de manera conjunta, a trav\u00e9s de la comisi\u00f3n que se reunir\u00e1 otra vez durante el mes de marzo, para tratar este proyecto que es vital para <strong>mejorar la seguridad vial de los usuarios de la C-28 y para transicionar a un modelo de movilidad m\u00e1s sostenible<\/strong>\u201d.<\/p>\n<p>&nbsp;<\/p>\n<p>&nbsp;<\/p>\n<p><em>Vielha, 28 de febrero de 2023<\/em><\/p>\n ","protected":false},"excerpt":{"rendered":"<p>&nbsp; \u2022 Esta ma\u00f1ana la s\u00edndica de Aran, acompa\u00f1ada del conselh\u00e8r de Gobernaci\u00f3n, ha recibido al conseller de Territorio de la Generalitat con quien han tratado, entre otros, de la mejora de la carretera C-28, con la que los presupuestos de la Generalitat para este 2023 ya contemplan una partida para elaborar el proyecto de&#8230;<\/p>\n","protected":false},"author":2,"featured_media":52155,"comment_status":"closed","ping_status":"closed","sticky":false,"template":"","format":"standard","meta":{"footnotes":""},"categories":[30,52,37],"tags":[],"_links":{"self":[{"href":"https:\/\/www.conselharan.org\/es\/wp-json\/wp\/v2\/posts\/52161"}],"collection":[{"href":"https:\/\/www.conselharan.org\/es\/wp-json\/wp\/v2\/posts"}],"about":[{"href":"https:\/\/www.conselharan.org\/es\/wp-json\/wp\/v2\/types\/post"}],"author":[{"embeddable":true,"href":"https:\/\/www.conselharan.org\/es\/wp-json\/wp\/v2\/users\/2"}],"replies":[{"embeddable":true,"href":"https:\/\/www.conselharan.org\/es\/wp-json\/wp\/v2\/comments?post=52161"}],"version-history":[{"count":2,"href":"https:\/\/www.conselharan.org\/es\/wp-json\/wp\/v2\/posts\/52161\/revisions"}],"predecessor-version":[{"id":52163,"href":"https:\/\/www.conselharan.org\/es\/wp-json\/wp\/v2\/posts\/52161\/revisions\/52163"}],"wp:featuredmedia":[{"embeddable":true,"href":"https:\/\/www.conselharan.org\/es\/wp-json\/wp\/v2\/media\/52155"}],"wp:attachment":[{"href":"https:\/\/www.conselharan.org\/es\/wp-json\/wp\/v2\/media?parent=52161"}],"wp:term":[{"taxonomy":"category","embeddable":true,"href":"https:\/\/www.conselharan.org\/es\/wp-json\/wp\/v2\/categories?post=52161"},{"taxonomy":"post_tag","embeddable":true,"href":"https:\/\/www.conselharan.org\/es\/wp-json\/wp\/v2\/tags?post=52161"}],"curies":[{"name":"wp","href":"https:\/\/api.w.org\/{rel}","templated":true}]}}