{"id":52241,"date":"2023-03-03T12:49:31","date_gmt":"2023-03-03T11:49:31","guid":{"rendered":"https:\/\/www.conselharan.org\/era-sindica-daran-participe-ena-trobada-iberica-internacionau-sus-era-cooperacion-transtermiera-en-zones-de-montanha\/"},"modified":"2023-03-03T12:58:30","modified_gmt":"2023-03-03T11:58:30","slug":"era-sindica-daran-participe-ena-trobada-iberica-internacionau-sus-era-cooperacion-transtermiera-en-zones-de-montanha","status":"publish","type":"post","link":"https:\/\/www.conselharan.org\/es\/era-sindica-daran-participe-ena-trobada-iberica-internacionau-sus-era-cooperacion-transtermiera-en-zones-de-montanha\/","title":{"rendered":"La s\u00edndica de Aran participa en el Encuentro Ib\u00e9rico Internacional sobre cooperaci\u00f3n transfronteriza en zonas de monta\u00f1a"},"content":{"rendered":"<p><a href=\"https:\/\/www.conselharan.org\/wp-content\/uploads\/2023\/03\/WhatsApp-Image-2023-03-03-at-12.36.38-2.jpeg\"><img loading=\"lazy\" decoding=\"async\" class=\"aligncenter wp-image-52234 size-full\" src=\"https:\/\/www.conselharan.org\/wp-content\/uploads\/2023\/03\/WhatsApp-Image-2023-03-03-at-12.36.38-2.jpeg\" alt=\"\" width=\"1024\" height=\"689\" srcset=\"https:\/\/www.conselharan.org\/wp-content\/uploads\/2023\/03\/WhatsApp-Image-2023-03-03-at-12.36.38-2.jpeg 1024w, https:\/\/www.conselharan.org\/wp-content\/uploads\/2023\/03\/WhatsApp-Image-2023-03-03-at-12.36.38-2-300x202.jpeg 300w, https:\/\/www.conselharan.org\/wp-content\/uploads\/2023\/03\/WhatsApp-Image-2023-03-03-at-12.36.38-2-768x517.jpeg 768w\" sizes=\"(max-width: 1024px) 100vw, 1024px\" \/><\/a><\/p>\n<ul>\n<li>\n<h3><strong>Esta ma\u00f1ana, la s\u00edndica de Aran ha formado parte de esta jornada organizada por la asociaci\u00f3n esMonta\u00f1as en Candelario (Salamanca), que supone una oportunidad para intercambiar informaci\u00f3n y experiencias y desarrollar estrategias comunes entre los territorios de monta\u00f1a de Espa\u00f1a, Italia, Portugal y Francia para la dinamizaci\u00f3n y visibilizaci\u00f3n de los retos de estos territorios<\/strong><\/h3>\n<\/li>\n<\/ul>\n<p>La s\u00edndica de Aran, Maria Verg\u00e9s, ha participado hoy en el Encuentro Ib\u00e9rico Internacional organizado por la asociaci\u00f3n esMonta\u00f1as en Candelario (Salamanca), en una mesa de debate sobre las monta\u00f1as de Europa, con Jo\u00e3o F. Rolo, presidente de ADIRAM (Associa\u00e7\u00e3o de Desenvolvimento Integrado da Rede das Aldeias de Montanha), Nicolas Evrard, asesor de monta\u00f1a en el Ministerio de la Transici\u00f3n Ecol\u00f3gica y de la Cohesi\u00f3n de los territorios en el Gobierno de Francia, y con Marco Bussone, presidente de la Asociaci\u00f3n Italiana de Municipios de Monta\u00f1a.<\/p>\n<p>Este Encuentro es un espacio de debate sobre las acciones que se llevan a cabo en nuestro pa\u00eds, Italia, Portugal y Francia para la dinamizaci\u00f3n, visibilizaci\u00f3n y retos de las zonas de monta\u00f1a.<\/p>\n<p>\u201cComo territorio de monta\u00f1a, la Val d\u2019Aran comparte retos con el resto de zonas de monta\u00f1a, como la retenci\u00f3n del talento joven, la fijaci\u00f3n de profesionales, o las comunicaciones terrestres y digitales\u201d, afirmaba la s\u00edndica de Aran, a\u00f1adiendo que: \u201cdesde el gobierno del Conselh Generau d\u2019Aran queremos mantener relaci\u00f3n con todos estos territorios para conocer qu\u00e9 acciones llevan a cabo y compartir soluciones para las necesidades y retos de futuro, de la misma manera que ya hacemos con otros territorios vecinos como las comarcas del Alto Pirineo, con quien mantenemos una estrecha relaci\u00f3n de colaboraci\u00f3n\u201d.<\/p>\n<p>La presencia de la s\u00edndica en esta jornada es una oportunidad para intercambiar informaci\u00f3n y experiencias y desarrollar estrategias comunes entre los territorios de monta\u00f1as de otros pa\u00edses, en especial, del pa\u00eds vecino.<\/p>\n<p>La asociaci\u00f3n esMonta\u00f1as se form\u00f3 en 2013 para reunir a los municipios de monta\u00f1a de todo el estado, reivindicar sus necesidades y promover las mejoras legislativas y las acciones necesarias para mejorar la vida de los vecinos y vecinas de estos territorios y, desde entonces, organiza regularmente congresos y jornadas en distintos pueblos de monta\u00f1a en los que se debate y trata sobre los retos de las zonas rurales, y supone una oportunidad para intercambiar experiencias y proyectos.<\/p>\n ","protected":false},"excerpt":{"rendered":"<p>Esta ma\u00f1ana, la s\u00edndica de Aran ha formado parte de esta jornada organizada por la asociaci\u00f3n esMonta\u00f1as en Candelario (Salamanca), que supone una oportunidad para intercambiar informaci\u00f3n y experiencias y desarrollar estrategias comunes entre los territorios de monta\u00f1a de Espa\u00f1a, Italia, Portugal y Francia para la dinamizaci\u00f3n y visibilizaci\u00f3n de los retos de estos territorios&#8230;<\/p>\n","protected":false},"author":10,"featured_media":52237,"comment_status":"closed","ping_status":"closed","sticky":false,"template":"","format":"standard","meta":{"footnotes":""},"categories":[52],"tags":[],"_links":{"self":[{"href":"https:\/\/www.conselharan.org\/es\/wp-json\/wp\/v2\/posts\/52241"}],"collection":[{"href":"https:\/\/www.conselharan.org\/es\/wp-json\/wp\/v2\/posts"}],"about":[{"href":"https:\/\/www.conselharan.org\/es\/wp-json\/wp\/v2\/types\/post"}],"author":[{"embeddable":true,"href":"https:\/\/www.conselharan.org\/es\/wp-json\/wp\/v2\/users\/10"}],"replies":[{"embeddable":true,"href":"https:\/\/www.conselharan.org\/es\/wp-json\/wp\/v2\/comments?post=52241"}],"version-history":[{"count":2,"href":"https:\/\/www.conselharan.org\/es\/wp-json\/wp\/v2\/posts\/52241\/revisions"}],"predecessor-version":[{"id":52243,"href":"https:\/\/www.conselharan.org\/es\/wp-json\/wp\/v2\/posts\/52241\/revisions\/52243"}],"wp:featuredmedia":[{"embeddable":true,"href":"https:\/\/www.conselharan.org\/es\/wp-json\/wp\/v2\/media\/52237"}],"wp:attachment":[{"href":"https:\/\/www.conselharan.org\/es\/wp-json\/wp\/v2\/media?parent=52241"}],"wp:term":[{"taxonomy":"category","embeddable":true,"href":"https:\/\/www.conselharan.org\/es\/wp-json\/wp\/v2\/categories?post=52241"},{"taxonomy":"post_tag","embeddable":true,"href":"https:\/\/www.conselharan.org\/es\/wp-json\/wp\/v2\/tags?post=52241"}],"curies":[{"name":"wp","href":"https:\/\/api.w.org\/{rel}","templated":true}]}}