{"id":52267,"date":"2023-03-05T08:00:44","date_gmt":"2023-03-05T07:00:44","guid":{"rendered":"https:\/\/www.conselharan.org\/?p=52267"},"modified":"2023-03-04T18:20:53","modified_gmt":"2023-03-04T17:20:53","slug":"actes-de-commemoracion-ta-celebrar-eth-dia-internacionau-dera-hemna-2","status":"publish","type":"post","link":"https:\/\/www.conselharan.org\/es\/actes-de-commemoracion-ta-celebrar-eth-dia-internacionau-dera-hemna-2\/","title":{"rendered":"Actos de conmemoraci\u00f3n para celebrar el D\u00eda Internacional de la Mujer"},"content":{"rendered":"<p><a href=\"https:\/\/www.conselharan.org\/wp-content\/uploads\/2023\/03\/Pann\u00e8u-e-programa-8M-2023_Mesa-de-trabajo-1-copia-3.png\"><img loading=\"lazy\" decoding=\"async\" class=\"aligncenter wp-image-52254 size-large\" src=\"https:\/\/www.conselharan.org\/wp-content\/uploads\/2023\/03\/Pann\u00e8u-e-programa-8M-2023_Mesa-de-trabajo-1-copia-3-819x1024.png\" alt=\"\" width=\"819\" height=\"1024\" srcset=\"https:\/\/www.conselharan.org\/wp-content\/uploads\/2023\/03\/Pann\u00e8u-e-programa-8M-2023_Mesa-de-trabajo-1-copia-3-819x1024.png 819w, https:\/\/www.conselharan.org\/wp-content\/uploads\/2023\/03\/Pann\u00e8u-e-programa-8M-2023_Mesa-de-trabajo-1-copia-3-240x300.png 240w, https:\/\/www.conselharan.org\/wp-content\/uploads\/2023\/03\/Pann\u00e8u-e-programa-8M-2023_Mesa-de-trabajo-1-copia-3-768x960.png 768w, https:\/\/www.conselharan.org\/wp-content\/uploads\/2023\/03\/Pann\u00e8u-e-programa-8M-2023_Mesa-de-trabajo-1-copia-3-1229x1536.png 1229w, https:\/\/www.conselharan.org\/wp-content\/uploads\/2023\/03\/Pann\u00e8u-e-programa-8M-2023_Mesa-de-trabajo-1-copia-3-1638x2048.png 1638w\" sizes=\"(max-width: 819px) 100vw, 819px\" \/><\/a><\/p>\n<ul>\n<li>\n<h3><strong>El Conselh Generau d\u2019Aran, as\u00ed como diferentes asociaciones de mujeres y Ayuntamientos del territorio, han organizado distintas actividades para conmemorar este 8 de marzo<\/strong><\/h3>\n<\/li>\n<\/ul>\n<p>El mi\u00e9rcoles, 8 de marzo, se celebra el D\u00eda Internacional de la Mujer y la Val d\u2019Aran acoger\u00e1 distintos actos conmemorativos que se celebrar\u00e1n a lo largo del mes de marzo.<\/p>\n<p>Adem\u00e1s de los actos ya habituales de este mes de marzo como la lectura del manifiesto por el D\u00eda Internacional de la Mujer y la nueva edici\u00f3n de la Cursa de la Mujer que este a\u00f1o se celebrar\u00e1 el 26 de marzo, habr\u00e1 todo tipo de actividades y talleres dirigidos a distintos p\u00fablicos.<\/p>\n<p>As\u00ed mismo, se presentar\u00e1 el nuevo Servicio por los derechos de las Mujeres y personas LGTBIQ+ en varios municipios del territorio, y los Ayuntamientos y asociaciones han organizado tambi\u00e9n todo tipo de actividades, que pueden consultarse en el programa de actos.<\/p>\n\n\t\t<style type=\"text\/css\">\n\t\t\t#gallery-1 {\n\t\t\t\tmargin: auto;\n\t\t\t}\n\t\t\t#gallery-1 .gallery-item {\n\t\t\t\tfloat: left;\n\t\t\t\tmargin-top: 10px;\n\t\t\t\ttext-align: center;\n\t\t\t\twidth: 50%;\n\t\t\t}\n\t\t\t#gallery-1 img {\n\t\t\t\tborder: 2px solid #cfcfcf;\n\t\t\t}\n\t\t\t#gallery-1 .gallery-caption {\n\t\t\t\tmargin-left: 0;\n\t\t\t}\n\t\t\t\/* see gallery_shortcode() in wp-includes\/media.php *\/\n\t\t<\/style>\n\t\t<div id='gallery-1' class='gallery galleryid-52267 gallery-columns-2 gallery-size-large'><dl class='gallery-item'>\n\t\t\t<dt class='gallery-icon portrait'>\n\t\t\t\t<a href='https:\/\/www.conselharan.org\/es\/actes-de-commemoracion-ta-celebrar-eth-dia-internacionau-dera-hemna-2\/panneu-e-programa-8m-2023_mesa-de-trabajo-1-copia-6-2\/'><img loading=\"lazy\" decoding=\"async\" width=\"819\" height=\"1024\" src=\"https:\/\/www.conselharan.org\/wp-content\/uploads\/2023\/03\/Pann\u00e8u-e-programa-8M-2023_Mesa-de-trabajo-1-copia-6-819x1024.png\" class=\"attachment-large size-large\" alt=\"\" srcset=\"https:\/\/www.conselharan.org\/wp-content\/uploads\/2023\/03\/Pann\u00e8u-e-programa-8M-2023_Mesa-de-trabajo-1-copia-6-819x1024.png 819w, https:\/\/www.conselharan.org\/wp-content\/uploads\/2023\/03\/Pann\u00e8u-e-programa-8M-2023_Mesa-de-trabajo-1-copia-6-240x300.png 240w, https:\/\/www.conselharan.org\/wp-content\/uploads\/2023\/03\/Pann\u00e8u-e-programa-8M-2023_Mesa-de-trabajo-1-copia-6-768x960.png 768w, https:\/\/www.conselharan.org\/wp-content\/uploads\/2023\/03\/Pann\u00e8u-e-programa-8M-2023_Mesa-de-trabajo-1-copia-6-1229x1536.png 1229w, https:\/\/www.conselharan.org\/wp-content\/uploads\/2023\/03\/Pann\u00e8u-e-programa-8M-2023_Mesa-de-trabajo-1-copia-6-1638x2048.png 1638w\" sizes=\"(max-width: 819px) 100vw, 819px\" \/><\/a>\n\t\t\t<\/dt><\/dl><dl class='gallery-item'>\n\t\t\t<dt class='gallery-icon portrait'>\n\t\t\t\t<a href='https:\/\/www.conselharan.org\/es\/actes-de-commemoracion-ta-celebrar-eth-dia-internacionau-dera-hemna-2\/panneu-e-programa-8m-2023_mesa-de-trabajo-1-copia-7-2\/'><img loading=\"lazy\" decoding=\"async\" width=\"819\" height=\"1024\" src=\"https:\/\/www.conselharan.org\/wp-content\/uploads\/2023\/03\/Pann\u00e8u-e-programa-8M-2023_Mesa-de-trabajo-1-copia-7-819x1024.png\" class=\"attachment-large size-large\" alt=\"\" srcset=\"https:\/\/www.conselharan.org\/wp-content\/uploads\/2023\/03\/Pann\u00e8u-e-programa-8M-2023_Mesa-de-trabajo-1-copia-7-819x1024.png 819w, https:\/\/www.conselharan.org\/wp-content\/uploads\/2023\/03\/Pann\u00e8u-e-programa-8M-2023_Mesa-de-trabajo-1-copia-7-240x300.png 240w, https:\/\/www.conselharan.org\/wp-content\/uploads\/2023\/03\/Pann\u00e8u-e-programa-8M-2023_Mesa-de-trabajo-1-copia-7-768x960.png 768w, https:\/\/www.conselharan.org\/wp-content\/uploads\/2023\/03\/Pann\u00e8u-e-programa-8M-2023_Mesa-de-trabajo-1-copia-7-1229x1536.png 1229w, https:\/\/www.conselharan.org\/wp-content\/uploads\/2023\/03\/Pann\u00e8u-e-programa-8M-2023_Mesa-de-trabajo-1-copia-7-1638x2048.png 1638w\" sizes=\"(max-width: 819px) 100vw, 819px\" \/><\/a>\n\t\t\t<\/dt><\/dl><br style=\"clear: both\" \/>\n\t\t<\/div>\n\n ","protected":false},"excerpt":{"rendered":"<p>El Conselh Generau d\u2019Aran, as\u00ed como diferentes asociaciones de mujeres y Ayuntamientos del territorio, han organizado distintas actividades para conmemorar este 8 de marzo El mi\u00e9rcoles, 8 de marzo, se celebra el D\u00eda Internacional de la Mujer y la Val d\u2019Aran acoger\u00e1 distintos actos conmemorativos que se celebrar\u00e1n a lo largo del mes de marzo&#8230;.<\/p>\n","protected":false},"author":10,"featured_media":52256,"comment_status":"closed","ping_status":"closed","sticky":false,"template":"","format":"standard","meta":{"footnotes":""},"categories":[34,798],"tags":[],"_links":{"self":[{"href":"https:\/\/www.conselharan.org\/es\/wp-json\/wp\/v2\/posts\/52267"}],"collection":[{"href":"https:\/\/www.conselharan.org\/es\/wp-json\/wp\/v2\/posts"}],"about":[{"href":"https:\/\/www.conselharan.org\/es\/wp-json\/wp\/v2\/types\/post"}],"author":[{"embeddable":true,"href":"https:\/\/www.conselharan.org\/es\/wp-json\/wp\/v2\/users\/10"}],"replies":[{"embeddable":true,"href":"https:\/\/www.conselharan.org\/es\/wp-json\/wp\/v2\/comments?post=52267"}],"version-history":[{"count":2,"href":"https:\/\/www.conselharan.org\/es\/wp-json\/wp\/v2\/posts\/52267\/revisions"}],"predecessor-version":[{"id":52269,"href":"https:\/\/www.conselharan.org\/es\/wp-json\/wp\/v2\/posts\/52267\/revisions\/52269"}],"wp:featuredmedia":[{"embeddable":true,"href":"https:\/\/www.conselharan.org\/es\/wp-json\/wp\/v2\/media\/52256"}],"wp:attachment":[{"href":"https:\/\/www.conselharan.org\/es\/wp-json\/wp\/v2\/media?parent=52267"}],"wp:term":[{"taxonomy":"category","embeddable":true,"href":"https:\/\/www.conselharan.org\/es\/wp-json\/wp\/v2\/categories?post=52267"},{"taxonomy":"post_tag","embeddable":true,"href":"https:\/\/www.conselharan.org\/es\/wp-json\/wp\/v2\/tags?post=52267"}],"curies":[{"name":"wp","href":"https:\/\/api.w.org\/{rel}","templated":true}]}}