{"id":5228,"date":"2014-10-19T17:53:34","date_gmt":"2014-10-19T15:53:34","guid":{"rendered":"http:\/\/www.conselharan.org\/350-persones-participen-ena-caminada-contra-eth-cancer-de-popa-2\/"},"modified":"2014-10-19T17:54:37","modified_gmt":"2014-10-19T15:54:37","slug":"350-persones-participen-ena-caminada-contra-eth-cancer-de-popa","status":"publish","type":"post","link":"https:\/\/www.conselharan.org\/es\/350-persones-participen-ena-caminada-contra-eth-cancer-de-popa\/","title":{"rendered":"350 persones participen ena caminada contra eth c\u00e0ncer de popa"},"content":{"rendered":"<p><a href=\"http:\/\/www.conselharan.org\/wp-content\/uploads\/2014\/10\/caminada.jpg\"><img loading=\"lazy\" decoding=\"async\" class=\"aligncenter size-large wp-image-5223\" alt=\"caminada\" src=\"http:\/\/www.conselharan.org\/wp-content\/uploads\/2014\/10\/caminada-1024x685.jpg\" width=\"1024\" height=\"685\" srcset=\"https:\/\/www.conselharan.org\/wp-content\/uploads\/2014\/10\/caminada-1024x685.jpg 1024w, https:\/\/www.conselharan.org\/wp-content\/uploads\/2014\/10\/caminada-300x200.jpg 300w\" sizes=\"(max-width: 1024px) 100vw, 1024px\" \/><\/a><\/p>\n<p>Au\u00e9 dimenge, dia 19, se cel\u00e8bre eth Dia contra eth c\u00e0ncer de popa. Damb aguest motiu, era <strong>Junta Locau dera AECC d&#8217;Aran<\/strong> a organizat ua caminada contra eth c\u00e0ncer de popa que s\u2019a desvolopat peth municipi de Vielha e a on an partcipat 350 persones.<\/p>\n<p><a href=\"http:\/\/www.conselharan.org\/wp-content\/uploads\/2014\/10\/caminada-1.jpg\"><img loading=\"lazy\" decoding=\"async\" class=\"aligncenter size-large wp-image-5221\" alt=\"caminada 1\" src=\"http:\/\/www.conselharan.org\/wp-content\/uploads\/2014\/10\/caminada-1-1024x685.jpg\" width=\"1024\" height=\"685\" srcset=\"https:\/\/www.conselharan.org\/wp-content\/uploads\/2014\/10\/caminada-1-1024x685.jpg 1024w, https:\/\/www.conselharan.org\/wp-content\/uploads\/2014\/10\/caminada-1-300x200.jpg 300w\" sizes=\"(max-width: 1024px) 100vw, 1024px\" \/><\/a><\/p>\n<p>Damb aguest tipe d\u2019acte se mobilize ara societat ena luta contra eth c\u00e0ncer de popa e per un aute costat, se capten hons ent\u00e0 auan\u00e7ar ena investigacion ent\u00e0 h\u00e8r-li t\u00e8sta. Tanben, s\u2019aufr\u00eds informacion multidisciplin\u00e0ria sus aguesta malautia, damb enfasi e difusion des programes e servicis qu&#8217;era AECC met ara disposicion des persones afectades e a familhars.<\/p>\n<p><a href=\"http:\/\/www.conselharan.org\/wp-content\/uploads\/2014\/10\/caminada-2.jpg\"><img loading=\"lazy\" decoding=\"async\" class=\"aligncenter size-large wp-image-5224\" alt=\"caminada 2\" src=\"http:\/\/www.conselharan.org\/wp-content\/uploads\/2014\/10\/caminada-2-1024x685.jpg\" width=\"1024\" height=\"685\" srcset=\"https:\/\/www.conselharan.org\/wp-content\/uploads\/2014\/10\/caminada-2-1024x685.jpg 1024w, https:\/\/www.conselharan.org\/wp-content\/uploads\/2014\/10\/caminada-2-300x200.jpg 300w\" sizes=\"(max-width: 1024px) 100vw, 1024px\" \/><\/a><\/p>\n<p>En Espanha, cada an, 22.000 persones son diagnosticades de c\u00e0ncer de popa, l\u00e8u totes eres son hemnes, ei significativa era donada: <strong>1 de cada 8 hemnes aur\u00e0 c\u00e0ncer de popa ath long dera sua vida.<\/strong><\/p>\n<p><a href=\"http:\/\/www.conselharan.org\/wp-content\/uploads\/2014\/10\/caminada-0.jpg\"><img loading=\"lazy\" decoding=\"async\" class=\"aligncenter size-large wp-image-5225\" alt=\"caminada 0\" src=\"http:\/\/www.conselharan.org\/wp-content\/uploads\/2014\/10\/caminada-0-685x1024.jpg\" width=\"685\" height=\"1024\" srcset=\"https:\/\/www.conselharan.org\/wp-content\/uploads\/2014\/10\/caminada-0-685x1024.jpg 685w, https:\/\/www.conselharan.org\/wp-content\/uploads\/2014\/10\/caminada-0-200x300.jpg 200w\" sizes=\"(max-width: 685px) 100vw, 685px\" \/><\/a><\/p>\n ","protected":false},"excerpt":{"rendered":"<p>Au\u00e9 dimenge, dia 19, se cel\u00e8bre eth Dia contra eth c\u00e0ncer de popa. Damb aguest motiu, era Junta Locau dera AECC d&#8217;Aran a organizat ua caminada contra eth c\u00e0ncer de popa que s\u2019a desvolopat peth municipi de Vielha e a on an partcipat 350 persones. Damb aguest tipe d\u2019acte se mobilize ara societat ena luta&#8230;<\/p>\n","protected":false},"author":2,"featured_media":5223,"comment_status":"closed","ping_status":"closed","sticky":false,"template":"","format":"standard","meta":{"footnotes":""},"categories":[30,34,37],"tags":[],"_links":{"self":[{"href":"https:\/\/www.conselharan.org\/es\/wp-json\/wp\/v2\/posts\/5228"}],"collection":[{"href":"https:\/\/www.conselharan.org\/es\/wp-json\/wp\/v2\/posts"}],"about":[{"href":"https:\/\/www.conselharan.org\/es\/wp-json\/wp\/v2\/types\/post"}],"author":[{"embeddable":true,"href":"https:\/\/www.conselharan.org\/es\/wp-json\/wp\/v2\/users\/2"}],"replies":[{"embeddable":true,"href":"https:\/\/www.conselharan.org\/es\/wp-json\/wp\/v2\/comments?post=5228"}],"version-history":[{"count":1,"href":"https:\/\/www.conselharan.org\/es\/wp-json\/wp\/v2\/posts\/5228\/revisions"}],"predecessor-version":[{"id":5230,"href":"https:\/\/www.conselharan.org\/es\/wp-json\/wp\/v2\/posts\/5228\/revisions\/5230"}],"wp:featuredmedia":[{"embeddable":true,"href":"https:\/\/www.conselharan.org\/es\/wp-json\/wp\/v2\/media\/5223"}],"wp:attachment":[{"href":"https:\/\/www.conselharan.org\/es\/wp-json\/wp\/v2\/media?parent=5228"}],"wp:term":[{"taxonomy":"category","embeddable":true,"href":"https:\/\/www.conselharan.org\/es\/wp-json\/wp\/v2\/categories?post=5228"},{"taxonomy":"post_tag","embeddable":true,"href":"https:\/\/www.conselharan.org\/es\/wp-json\/wp\/v2\/tags?post=5228"}],"curies":[{"name":"wp","href":"https:\/\/api.w.org\/{rel}","templated":true}]}}