{"id":52469,"date":"2023-03-17T15:55:28","date_gmt":"2023-03-17T14:55:28","guid":{"rendered":"https:\/\/www.conselharan.org\/?p=52469"},"modified":"2023-03-17T15:56:20","modified_gmt":"2023-03-17T14:56:20","slug":"el-gobierno-de-aran-consigue-el-compromiso-de-la-generalitat-para-la-ampliacion-y-remodelacion-del-hospital-val-daran","status":"publish","type":"post","link":"https:\/\/www.conselharan.org\/es\/el-gobierno-de-aran-consigue-el-compromiso-de-la-generalitat-para-la-ampliacion-y-remodelacion-del-hospital-val-daran\/","title":{"rendered":"El gobierno de Aran consigue el compromiso de la Generalitat para la ampliaci\u00f3n y remodelaci\u00f3n del Hospital Val d\u2019Aran"},"content":{"rendered":"<p><strong>\u2022 La s\u00edndica de Aran, Maria Verg\u00e9s, ha recibido hoy al conseller de Salud de la Generalitat, Manel Balcells, con quien han firmado el acuerdo por el cual la Generalitat se compromete a financiar \u00edntegramente la ampliaci\u00f3n y remodelaci\u00f3n del Hospital Val d\u2019Aran<\/strong><\/p>\n<p><strong>\u2022 El Hospital Val d\u2019Aran ha cumplido ya 38 a\u00f1os y este acuerdo supone un hito hist\u00f3rico para la Val d\u2019Aran que permitir\u00e1 una mejora muy importante, por primera vez en d\u00e9cadas, renovando y ampliando \u00e1reas as\u00ed como mejorar\u00e1 el confort tanto de los usuarios como los profesionales<\/strong><\/p>\n<p>&nbsp;<\/p>\n<p><a href=\"https:\/\/www.conselharan.org\/es\/el-gobierno-de-aran-consigue-el-compromiso-de-la-generalitat-para-la-ampliacion-y-remodelacion-del-hospital-val-daran\/p1044229-2\/\" rel=\"attachment wp-att-52445\"><img loading=\"lazy\" decoding=\"async\" class=\"aligncenter size-large wp-image-52445\" src=\"https:\/\/www.conselharan.org\/wp-content\/uploads\/2023\/03\/P1044229-1024x768.jpg\" alt=\"\" width=\"1024\" height=\"768\" srcset=\"https:\/\/www.conselharan.org\/wp-content\/uploads\/2023\/03\/P1044229-1024x768.jpg 1024w, https:\/\/www.conselharan.org\/wp-content\/uploads\/2023\/03\/P1044229-300x225.jpg 300w, https:\/\/www.conselharan.org\/wp-content\/uploads\/2023\/03\/P1044229-768x576.jpg 768w, https:\/\/www.conselharan.org\/wp-content\/uploads\/2023\/03\/P1044229-1536x1152.jpg 1536w, https:\/\/www.conselharan.org\/wp-content\/uploads\/2023\/03\/P1044229-2048x1536.jpg 2048w\" sizes=\"(max-width: 1024px) 100vw, 1024px\" \/><\/a><\/p>\n<p>&nbsp;<\/p>\n<p>La s\u00edndica de Aran, Maria Verg\u00e9s, ha recibido esta ma\u00f1ana en la sede del Conselh Generau d\u2019Aran al conseller de Salud de la Generalitat, Manel Balcells, con quien han firmado el acuerdo entre el Departamento de Salud y el gobierno de Aran por el cual la Generalitat se compromete a la financiaci\u00f3n de las obras de ampliaci\u00f3n y remodelaci\u00f3n del Hospital Val d\u2019Aran.<\/p>\n<p>El acuerdo prev\u00e9 la ejecuci\u00f3n de las obras entre 2023 y 2028, siendo divididas, en primera instancia, en tres fases: una fase inicial de adecuaci\u00f3n de la plaza entre el Hospital y la residencia Sant Antoni, que empezar\u00eda este mismo a\u00f1o, una primera fase de construcci\u00f3n de un nuevo edificio junto a la residencia donde se situar\u00edan las consultas de atenci\u00f3n primaria y especializada y una \u00faltima fase para remodelar los espacios de urgencias y diagn\u00f3stico por la imagen.<\/p>\n<p><a href=\"https:\/\/www.conselharan.org\/es\/el-gobierno-de-aran-consigue-el-compromiso-de-la-generalitat-para-la-ampliacion-y-remodelacion-del-hospital-val-daran\/remodelacion-v1-2\/\" rel=\"attachment wp-att-52460\"><img loading=\"lazy\" decoding=\"async\" class=\"aligncenter size-large wp-image-52460\" src=\"https:\/\/www.conselharan.org\/wp-content\/uploads\/2023\/03\/REMODELACION-V1-422x1024.jpg\" alt=\"\" width=\"422\" height=\"1024\" srcset=\"https:\/\/www.conselharan.org\/wp-content\/uploads\/2023\/03\/REMODELACION-V1-422x1024.jpg 422w, https:\/\/www.conselharan.org\/wp-content\/uploads\/2023\/03\/REMODELACION-V1-124x300.jpg 124w, https:\/\/www.conselharan.org\/wp-content\/uploads\/2023\/03\/REMODELACION-V1-768x1862.jpg 768w, https:\/\/www.conselharan.org\/wp-content\/uploads\/2023\/03\/REMODELACION-V1-845x2048.jpg 845w, https:\/\/www.conselharan.org\/wp-content\/uploads\/2023\/03\/REMODELACION-V1-scaled.jpg 1056w\" sizes=\"(max-width: 422px) 100vw, 422px\" \/><\/a><\/p>\n<p><a href=\"https:\/\/www.conselharan.org\/es\/el-gobierno-de-aran-consigue-el-compromiso-de-la-generalitat-para-la-ampliacion-y-remodelacion-del-hospital-val-daran\/remodelacion-v2_page-0002-2\/\" rel=\"attachment wp-att-52463\"><img loading=\"lazy\" decoding=\"async\" class=\"aligncenter size-large wp-image-52463\" src=\"https:\/\/www.conselharan.org\/wp-content\/uploads\/2023\/03\/REMODELACION-V2_page-0002-426x1024.jpg\" alt=\"\" width=\"426\" height=\"1024\" srcset=\"https:\/\/www.conselharan.org\/wp-content\/uploads\/2023\/03\/REMODELACION-V2_page-0002-426x1024.jpg 426w, https:\/\/www.conselharan.org\/wp-content\/uploads\/2023\/03\/REMODELACION-V2_page-0002-125x300.jpg 125w, https:\/\/www.conselharan.org\/wp-content\/uploads\/2023\/03\/REMODELACION-V2_page-0002-768x1848.jpg 768w, https:\/\/www.conselharan.org\/wp-content\/uploads\/2023\/03\/REMODELACION-V2_page-0002-851x2048.jpg 851w, https:\/\/www.conselharan.org\/wp-content\/uploads\/2023\/03\/REMODELACION-V2_page-0002-scaled.jpg 1064w\" sizes=\"(max-width: 426px) 100vw, 426px\" \/><\/a><\/p>\n<p>&nbsp;<\/p>\n<p>&nbsp;<\/p>\n<p>\u201cEl Hospital Val d\u2019Aran, a pesar de haber envejecido muy bien, har\u00e1 pronto cuarenta a\u00f1os y su remodelaci\u00f3n es esencial para atender las necesidades que tiene la Val d\u2019Aran\u201d afirmaba la s\u00edndica de Aran y a\u00f1ad\u00eda que \u201cjunto con las obras que se tienen que realizar para acoger el \u00e1rea de atenci\u00f3n social y bienestar al lado mismo del Hospital nos permitir\u00e1n centralizar todos los servicios de atenci\u00f3n a las personas en un mismo lugar\u201d.<\/p>\n<p>Es necesario recordar que el modelo sanitario y social integrado de Aran Salud da una atenci\u00f3n centrada en las personas y que re\u00fane actuaciones de atenci\u00f3n primaria, hospitalaria, especializada, socionaritaria y de la salud mental e incluye tambi\u00e9n una prestaci\u00f3n de servicios sociales. Un modelo propio y transversal que se ha demostrado eficaz a la hora de atender las necesidades de nuestra ciudadan\u00eda y que el gobierno de Aran trabaja para consolidar, desarrollando proyectos pioneros de integraci\u00f3n social y sanitaria, que puedan ser adaptables y extrapolables a otros territorios. En este sentido, hay que recordar que Aran ha conseguido financiaci\u00f3n europea para consolidar su modelo de Atenci\u00f3n Centrada en la Persona.<\/p>\n<p>&nbsp;<\/p>\n<p><a href=\"https:\/\/www.conselharan.org\/es\/el-gobierno-de-aran-consigue-el-compromiso-de-la-generalitat-para-la-ampliacion-y-remodelacion-del-hospital-val-daran\/p1044245-2\/\" rel=\"attachment wp-att-52448\"><img loading=\"lazy\" decoding=\"async\" class=\"aligncenter size-large wp-image-52448\" src=\"https:\/\/www.conselharan.org\/wp-content\/uploads\/2023\/03\/P1044245-1024x768.jpg\" alt=\"\" width=\"1024\" height=\"768\" srcset=\"https:\/\/www.conselharan.org\/wp-content\/uploads\/2023\/03\/P1044245-1024x768.jpg 1024w, https:\/\/www.conselharan.org\/wp-content\/uploads\/2023\/03\/P1044245-300x225.jpg 300w, https:\/\/www.conselharan.org\/wp-content\/uploads\/2023\/03\/P1044245-768x576.jpg 768w, https:\/\/www.conselharan.org\/wp-content\/uploads\/2023\/03\/P1044245-1536x1152.jpg 1536w, https:\/\/www.conselharan.org\/wp-content\/uploads\/2023\/03\/P1044245-2048x1536.jpg 2048w\" sizes=\"(max-width: 1024px) 100vw, 1024px\" \/><\/a><\/p>\n<p>&nbsp;<\/p>\n<p>\u201cDesde el gobierno de Aran, venimos de atravesar la peor crisis sanitaria de nuestra historia reciente, hemos conseguido adelantos hist\u00f3ricos para la mejora de la calidad de vida de la ciudadan\u00eda de Aran como este acuerdo por el Hospital o la renovaci\u00f3n de convenios con el Departamento de Salud en materia de sanidad, la colaboraci\u00f3n con el Parque Salud Hospital del Mar o la cooperaci\u00f3n con los centros hospitalarios franceses, tambi\u00e9n con la actualizaci\u00f3n y renovaci\u00f3n de equipamientos sanitarios que se encontraban en estado de obsolescencia tecnol\u00f3gica, los esfuerzos para ampliar la plantilla de profesionales sociales y sanitarios, o la creaci\u00f3n del nuevo bloque obst\u00e9trico y las obras que deprisa empezaremos para la creaci\u00f3n del nuevo bloque quir\u00fargico, que permitir\u00e1n contar con tres quir\u00f3fanos de \u00faltima generaci\u00f3n\u201d.<\/p>\n<p>&nbsp;<\/p>\n<p><a href=\"https:\/\/www.conselharan.org\/es\/el-gobierno-de-aran-consigue-el-compromiso-de-la-generalitat-para-la-ampliacion-y-remodelacion-del-hospital-val-daran\/p1044249-2\/\" rel=\"attachment wp-att-52454\"><img loading=\"lazy\" decoding=\"async\" class=\"aligncenter size-large wp-image-52454\" src=\"https:\/\/www.conselharan.org\/wp-content\/uploads\/2023\/03\/P1044249-1024x768.jpg\" alt=\"\" width=\"1024\" height=\"768\" srcset=\"https:\/\/www.conselharan.org\/wp-content\/uploads\/2023\/03\/P1044249-1024x768.jpg 1024w, https:\/\/www.conselharan.org\/wp-content\/uploads\/2023\/03\/P1044249-300x225.jpg 300w, https:\/\/www.conselharan.org\/wp-content\/uploads\/2023\/03\/P1044249-768x576.jpg 768w, https:\/\/www.conselharan.org\/wp-content\/uploads\/2023\/03\/P1044249-1536x1152.jpg 1536w, https:\/\/www.conselharan.org\/wp-content\/uploads\/2023\/03\/P1044249-2048x1536.jpg 2048w\" sizes=\"(max-width: 1024px) 100vw, 1024px\" \/><\/a><\/p>\n<p>&nbsp;<\/p>\n<p>En este sentido, Verg\u00e9s ha querido \u201cremarcar que, adem\u00e1s de las discrepancias este es un gobierno dialogante y responsable que sabe, y quiere, llegar a acuerdos como el que hoy hemos formalizado con la Generalitat de Catalunya ya que nuestra prioridad es que las personas que viven y trabajan en Aran tengan asegurado unos servicios p\u00fablicos de calidad\u201d. As\u00ed pues, la s\u00edndica de Aran ha agradecido \u201cal conseller Balcells la predisposici\u00f3n de su departamento, ya que este acuerdo para la ampliaci\u00f3n y remodelaci\u00f3n de nuestro Hospital ha sido fruto de una negociaci\u00f3n entre ambos gobiernos donde ha primado el respeto y lealtad institucional\u201d y a la vez tambi\u00e9n ha dado las gracias \u201cal ayuntamiento de Vielha y Mijaran y a todos los estamentos y profesionales p\u00fablicos su colaboraci\u00f3n para llegar a este acuerdo, que es un acuerdo de pa\u00eds\u201d.<\/p>\n<p>&nbsp;<\/p>\n<p>&nbsp;<\/p>\n<p><em>Vielha, 17 de marzo de 2023<\/em><\/p>\n ","protected":false},"excerpt":{"rendered":"<p>\u2022 La s\u00edndica de Aran, Maria Verg\u00e9s, ha recibido hoy al conseller de Salud de la Generalitat, Manel Balcells, con quien han firmado el acuerdo por el cual la Generalitat se compromete a financiar \u00edntegramente la ampliaci\u00f3n y remodelaci\u00f3n del Hospital Val d\u2019Aran \u2022 El Hospital Val d\u2019Aran ha cumplido ya 38 a\u00f1os y este&#8230;<\/p>\n","protected":false},"author":2,"featured_media":52445,"comment_status":"closed","ping_status":"closed","sticky":false,"template":"","format":"standard","meta":{"footnotes":""},"categories":[30,52,789,798,37],"tags":[],"_links":{"self":[{"href":"https:\/\/www.conselharan.org\/es\/wp-json\/wp\/v2\/posts\/52469"}],"collection":[{"href":"https:\/\/www.conselharan.org\/es\/wp-json\/wp\/v2\/posts"}],"about":[{"href":"https:\/\/www.conselharan.org\/es\/wp-json\/wp\/v2\/types\/post"}],"author":[{"embeddable":true,"href":"https:\/\/www.conselharan.org\/es\/wp-json\/wp\/v2\/users\/2"}],"replies":[{"embeddable":true,"href":"https:\/\/www.conselharan.org\/es\/wp-json\/wp\/v2\/comments?post=52469"}],"version-history":[{"count":2,"href":"https:\/\/www.conselharan.org\/es\/wp-json\/wp\/v2\/posts\/52469\/revisions"}],"predecessor-version":[{"id":52471,"href":"https:\/\/www.conselharan.org\/es\/wp-json\/wp\/v2\/posts\/52469\/revisions\/52471"}],"wp:featuredmedia":[{"embeddable":true,"href":"https:\/\/www.conselharan.org\/es\/wp-json\/wp\/v2\/media\/52445"}],"wp:attachment":[{"href":"https:\/\/www.conselharan.org\/es\/wp-json\/wp\/v2\/media?parent=52469"}],"wp:term":[{"taxonomy":"category","embeddable":true,"href":"https:\/\/www.conselharan.org\/es\/wp-json\/wp\/v2\/categories?post=52469"},{"taxonomy":"post_tag","embeddable":true,"href":"https:\/\/www.conselharan.org\/es\/wp-json\/wp\/v2\/tags?post=52469"}],"curies":[{"name":"wp","href":"https:\/\/api.w.org\/{rel}","templated":true}]}}