{"id":52546,"date":"2023-03-23T15:39:49","date_gmt":"2023-03-23T14:39:49","guid":{"rendered":"https:\/\/www.conselharan.org\/eth-plen-deth-conselh-aprove-era-creacion-dera-taula-permanenta-de-negociacion-damb-es-trabalhadors-de-pompiers-emergencies\/"},"modified":"2023-03-23T15:41:13","modified_gmt":"2023-03-23T14:41:13","slug":"eth-plen-deth-conselh-aprove-era-creacion-dera-taula-permanenta-de-negociacion-damb-es-trabalhadors-de-pompiers-emergencies","status":"publish","type":"post","link":"https:\/\/www.conselharan.org\/es\/eth-plen-deth-conselh-aprove-era-creacion-dera-taula-permanenta-de-negociacion-damb-es-trabalhadors-de-pompiers-emergencies\/","title":{"rendered":"El Pleno del Conselh aprueba la creaci\u00f3n de la mesa permanente de negociaci\u00f3n con los trabajadores de Pompi\u00e8rs Emerg\u00e9ncies"},"content":{"rendered":"<p><a href=\"https:\/\/www.conselharan.org\/wp-content\/uploads\/2023\/03\/IMG_1554-scaled.jpg\"><img loading=\"lazy\" decoding=\"async\" class=\"aligncenter wp-image-52541 size-large\" src=\"https:\/\/www.conselharan.org\/wp-content\/uploads\/2023\/03\/IMG_1554-1024x768.jpg\" alt=\"\" width=\"1024\" height=\"768\" srcset=\"https:\/\/www.conselharan.org\/wp-content\/uploads\/2023\/03\/IMG_1554-1024x768.jpg 1024w, https:\/\/www.conselharan.org\/wp-content\/uploads\/2023\/03\/IMG_1554-300x225.jpg 300w, https:\/\/www.conselharan.org\/wp-content\/uploads\/2023\/03\/IMG_1554-768x576.jpg 768w, https:\/\/www.conselharan.org\/wp-content\/uploads\/2023\/03\/IMG_1554-1536x1152.jpg 1536w, https:\/\/www.conselharan.org\/wp-content\/uploads\/2023\/03\/IMG_1554-2048x1536.jpg 2048w\" sizes=\"(max-width: 1024px) 100vw, 1024px\" \/><\/a><\/p>\n<ul>\n<li>\n<h3><strong>Habi\u00e9ndose implementado de manera ya formal el pasado 1 de enero el traspaso definitivo de la gesti\u00f3n de las emergencias en Aran, se ha dado cumplimiento al acuerdo tomado en marzo de 2021 de creaci\u00f3n de una mesa permanente de negociaci\u00f3n entre el Conselh Generau d\u2019Aran y el colectivo de Pompi\u00e8rs para el seguimiento compartido de la evoluci\u00f3n de Pompi\u00e8rs Emerg\u00e9ncies, que permita valorar el resultado de los ejercicios contables y reducir progresivamente el n\u00famero de horas, con el voto favorable del grupo de Unitat de Aran y el voto en contra de Converg\u00e9ncia Aranesa<\/strong><\/h3>\n<\/li>\n<\/ul>\n<p>Esta ma\u00f1ana el Pleno de la m\u00e1xima instituci\u00f3n aranesa ha aprobado, con los votos a favor de UA y en contra de CA, la creaci\u00f3n de la mesa permanente de interlocuci\u00f3n entre el Conselh Generau d\u2019Aran y los representantes del colectivo de Pompi\u00e8rs Emerg\u00e9ncies. Esta mesa tiene una vocaci\u00f3n de permanencia y est\u00e1 formada por miembros del gobierno, t\u00e9cnicos del Conselh Generau d\u2019Aran y representantes de los trabajadores, as\u00ed como responsables de las distintas \u00e1reas de Pompi\u00e8rs Emerg\u00e9ncies.<\/p>\n<p>Una de las cuestiones que se tratar\u00e1n en esta mesa, adem\u00e1s de todas aquellas relacionadas con la valoraci\u00f3n de los resultados contables y aquellas cuestiones laborales derivadas del convenio laboral, es e compromiso del gobierno de Aran de iniciar una din\u00e1mica progresiva de disminuci\u00f3n de la jornada anual hasta llegar a las 1640 horas, cuesti\u00f3n que ya ha comenzado a aplicarse durante el pasado a\u00f1o.<\/p>\n<p>As\u00ed mismo, uno de los objetivos de la mesa es tambi\u00e9n el de trabajar un el Plan Director de Pompi\u00e8rs Emerg\u00e9ncies, que realiza el diagn\u00f3stico de la situaci\u00f3n actual y de proyectos de futuro con la participaci\u00f3n de los trabajadores.<\/p>\n<p>La s\u00edndica de Aran ha manifestado que \u201ccon la creaci\u00f3n formal de esta mesa, creamos un marco estable de di\u00e1logo y negociaci\u00f3n que tiene como principal objetivo consolidar nuestro sistema de atenci\u00f3n a las emergencias como un sistema de referencia y de alta cualidad, tanto en lo referente al servicio de la ciudadan\u00eda como a la situaci\u00f3n laboral de los trabajadores y de los Pompi\u00e8rs voluntarios\u201d.<\/p>\n ","protected":false},"excerpt":{"rendered":"<p>Habi\u00e9ndose implementado de manera ya formal el pasado 1 de enero el traspaso definitivo de la gesti\u00f3n de las emergencias en Aran, se ha dado cumplimiento al acuerdo tomado en marzo de 2021 de creaci\u00f3n de una mesa permanente de negociaci\u00f3n entre el Conselh Generau d\u2019Aran y el colectivo de Pompi\u00e8rs para el seguimiento compartido&#8230;<\/p>\n","protected":false},"author":10,"featured_media":52543,"comment_status":"closed","ping_status":"closed","sticky":false,"template":"","format":"standard","meta":{"footnotes":""},"categories":[52,145],"tags":[],"_links":{"self":[{"href":"https:\/\/www.conselharan.org\/es\/wp-json\/wp\/v2\/posts\/52546"}],"collection":[{"href":"https:\/\/www.conselharan.org\/es\/wp-json\/wp\/v2\/posts"}],"about":[{"href":"https:\/\/www.conselharan.org\/es\/wp-json\/wp\/v2\/types\/post"}],"author":[{"embeddable":true,"href":"https:\/\/www.conselharan.org\/es\/wp-json\/wp\/v2\/users\/10"}],"replies":[{"embeddable":true,"href":"https:\/\/www.conselharan.org\/es\/wp-json\/wp\/v2\/comments?post=52546"}],"version-history":[{"count":1,"href":"https:\/\/www.conselharan.org\/es\/wp-json\/wp\/v2\/posts\/52546\/revisions"}],"predecessor-version":[{"id":52547,"href":"https:\/\/www.conselharan.org\/es\/wp-json\/wp\/v2\/posts\/52546\/revisions\/52547"}],"wp:featuredmedia":[{"embeddable":true,"href":"https:\/\/www.conselharan.org\/es\/wp-json\/wp\/v2\/media\/52543"}],"wp:attachment":[{"href":"https:\/\/www.conselharan.org\/es\/wp-json\/wp\/v2\/media?parent=52546"}],"wp:term":[{"taxonomy":"category","embeddable":true,"href":"https:\/\/www.conselharan.org\/es\/wp-json\/wp\/v2\/categories?post=52546"},{"taxonomy":"post_tag","embeddable":true,"href":"https:\/\/www.conselharan.org\/es\/wp-json\/wp\/v2\/tags?post=52546"}],"curies":[{"name":"wp","href":"https:\/\/api.w.org\/{rel}","templated":true}]}}