{"id":52669,"date":"2023-03-31T21:23:33","date_gmt":"2023-03-31T19:23:33","guid":{"rendered":"https:\/\/www.conselharan.org\/aran-reconeish-as-sons-olimpics\/"},"modified":"2023-03-31T21:25:47","modified_gmt":"2023-03-31T19:25:47","slug":"aran-reconeish-as-sons-olimpics","status":"publish","type":"post","link":"https:\/\/www.conselharan.org\/es\/aran-reconeish-as-sons-olimpics\/","title":{"rendered":"Aran reconoce a sus ol\u00edmpicos"},"content":{"rendered":"<p><a href=\"https:\/\/www.conselharan.org\/wp-content\/uploads\/2023\/03\/WhatsApp-Image-2023-03-31-at-21.19.10.jpeg\"><img loading=\"lazy\" decoding=\"async\" class=\"aligncenter wp-image-52664 size-full\" src=\"https:\/\/www.conselharan.org\/wp-content\/uploads\/2023\/03\/WhatsApp-Image-2023-03-31-at-21.19.10.jpeg\" alt=\"\" width=\"1024\" height=\"755\" srcset=\"https:\/\/www.conselharan.org\/wp-content\/uploads\/2023\/03\/WhatsApp-Image-2023-03-31-at-21.19.10.jpeg 1024w, https:\/\/www.conselharan.org\/wp-content\/uploads\/2023\/03\/WhatsApp-Image-2023-03-31-at-21.19.10-300x221.jpeg 300w, https:\/\/www.conselharan.org\/wp-content\/uploads\/2023\/03\/WhatsApp-Image-2023-03-31-at-21.19.10-768x566.jpeg 768w\" sizes=\"(max-width: 1024px) 100vw, 1024px\" \/><\/a><\/p>\n<ul>\n<li>\n<h3>El gobierno de Aran ha llevado a cabo un acto de reconocimiento de sus deportistas ol\u00edmpicos para poner en valor el esfuerzo y dedicaci\u00f3n que Rafael Mombiedro, Andr\u00e9s Ribera, Jos\u00e9 Moga, Eva Moga, Xavi Ubeira y Alex Puente han llevado a cabo durante sus trayectorias personales y profesionales, situando a la Val d\u2019Aran como un territorio de referencia en el mundo del deporte de nieve y llegar a ser grandes referentes para nuestra juventud<\/h3>\n<\/li>\n<\/ul>\n<p>El gobierno del Conselh Generau d\u2019Aran ha llevado a cabo esta tarde en el Palacio de Deportes de Vielha un acto de reconocimiento dedicado a los deportistas ol\u00edmpicos del territorio:<\/p>\n<p>&#8211;\u00a0\u00a0\u00a0\u00a0\u00a0\u00a0\u00a0\u00a0\u00a0\u00a0\u00a0 Rafael Mombiedro que particip\u00f3 en los Juegos Ol\u00edmpicos de 1952 en Oslo<\/p>\n<p>&#8211;\u00a0\u00a0\u00a0\u00a0\u00a0\u00a0\u00a0\u00a0\u00a0\u00a0\u00a0 Andr\u00e9s Ribera que particip\u00f3 en los Juegos Ol\u00edmpicos de 1952 en Oslo y 1956 en Cortina de Ampezzo<\/p>\n<p>&#8211;\u00a0\u00a0\u00a0\u00a0\u00a0\u00a0\u00a0\u00a0\u00a0\u00a0\u00a0 Jos\u00e9 Moga que particip\u00f3 en los Juegos Ol\u00edmpicos de 1956 en Cortina de Ampezzo<\/p>\n<p>&#8211;\u00a0\u00a0\u00a0\u00a0\u00a0\u00a0\u00a0\u00a0\u00a0\u00a0\u00a0 Eva Moga que particip\u00f3 en los Juegos Ol\u00edmpicos de 1988 en Calgary<\/p>\n<p>&#8211;\u00a0\u00a0\u00a0\u00a0\u00a0\u00a0\u00a0\u00a0\u00a0\u00a0\u00a0 Xavi Ubeira que particip\u00f3 en los Juegos Ol\u00edmpicos de los a\u00f1os 1992 en Albertville y 1994 en Lillerhammer<\/p>\n<p>&#8211;\u00a0\u00a0\u00a0\u00a0\u00a0\u00a0\u00a0\u00a0\u00a0\u00a0\u00a0 Alex Puente que particip\u00f3 en los Juegos Ol\u00edmpicos de 2014 en Sochi<\/p>\n<p>El acto ha contado con la presencia, entre otros, de la s\u00edndica de Aran, Maria Verg\u00e9s, el presidente de la RFEDI, May Peus, el director gerente de Baqueira Beret, Alex Bar\u00e9s, as\u00ed como los propios deportistas ol\u00edmpicos de nuestro territorio, sus familias, amigos y personas que han querido asistir a este acto de reconocimiento a sus trayectorias.<\/p>\n<p>\u201cpara el gobierno de Aran era una deuda pendiente de llevar a cabo un acto de este tipo para poner en valor el esfuerzo y dedicaci\u00f3n que estos seis deportistas han llevado a cabo durante sus trayectorias personales y profesionales, situando a la Val d\u2019Aran como un territorio de referencia en el mundo del deporte de nieve y llagar a ser grandes referentes para nuestra juventud\u201d afirmaba la s\u00edndica de Aran.<\/p>\n<p>El Conselh Generau d\u2019Aran ha entregado a cada uno de nuestros ol\u00edmpicos una placa en reconocimiento por su labor a favor del deporte aran\u00e9s y, tanto el presidente del Comit\u00e9 Ol\u00edmpico Espa\u00f1ol (COE), Alejandro Blanco, como el presidente del Consejo Superior de Deportes (CSD), Jos\u00e9 Manuel Franco, que no han podido asistir por motivos de agenda, les han dirigido unas palabras a trav\u00e9s de un v\u00eddeo proyectado en el Palacio de Deportes para todos los asistentes.<\/p>\n<p>As\u00ed mismo la s\u00edndica de Aran aseguraba que \u201cel gobierno de Aran desarrolla varias acciones para promocionar el deporte y facilitar las trayectorias de nuestros profesionales, como los convenios de patrocinio, las becas para j\u00f3venes deportistas o de otras pol\u00edticas para el fomento y crecimiento de esta \u00e1rea en el Val d\u2019Aran en las que ya llevamos bastante tiempo trabajando, para facilitar el\u00a0 desarrollo de las carreras de los grandes deportistas con las que contamos en nuestro territorio\u201d y a\u00f1ad\u00eda que \u201cuna de nuestras prioridades es la de conseguir el traspaso completo de la competencia en esta \u00e1rea, para poder gestionar de forma \u00e1gil y cercana una \u00e1rea tan importante para el pa\u00eds como este\u201d.<\/p>\n ","protected":false},"excerpt":{"rendered":"<p>El gobierno de Aran ha llevado a cabo un acto de reconocimiento de sus deportistas ol\u00edmpicos para poner en valor el esfuerzo y dedicaci\u00f3n que Rafael Mombiedro, Andr\u00e9s Ribera, Jos\u00e9 Moga, Eva Moga, Xavi Ubeira y Alex Puente han llevado a cabo durante sus trayectorias personales y profesionales, situando a la Val d\u2019Aran como un&#8230;<\/p>\n","protected":false},"author":10,"featured_media":52666,"comment_status":"closed","ping_status":"closed","sticky":false,"template":"","format":"standard","meta":{"footnotes":""},"categories":[135],"tags":[],"_links":{"self":[{"href":"https:\/\/www.conselharan.org\/es\/wp-json\/wp\/v2\/posts\/52669"}],"collection":[{"href":"https:\/\/www.conselharan.org\/es\/wp-json\/wp\/v2\/posts"}],"about":[{"href":"https:\/\/www.conselharan.org\/es\/wp-json\/wp\/v2\/types\/post"}],"author":[{"embeddable":true,"href":"https:\/\/www.conselharan.org\/es\/wp-json\/wp\/v2\/users\/10"}],"replies":[{"embeddable":true,"href":"https:\/\/www.conselharan.org\/es\/wp-json\/wp\/v2\/comments?post=52669"}],"version-history":[{"count":2,"href":"https:\/\/www.conselharan.org\/es\/wp-json\/wp\/v2\/posts\/52669\/revisions"}],"predecessor-version":[{"id":52671,"href":"https:\/\/www.conselharan.org\/es\/wp-json\/wp\/v2\/posts\/52669\/revisions\/52671"}],"wp:featuredmedia":[{"embeddable":true,"href":"https:\/\/www.conselharan.org\/es\/wp-json\/wp\/v2\/media\/52666"}],"wp:attachment":[{"href":"https:\/\/www.conselharan.org\/es\/wp-json\/wp\/v2\/media?parent=52669"}],"wp:term":[{"taxonomy":"category","embeddable":true,"href":"https:\/\/www.conselharan.org\/es\/wp-json\/wp\/v2\/categories?post=52669"},{"taxonomy":"post_tag","embeddable":true,"href":"https:\/\/www.conselharan.org\/es\/wp-json\/wp\/v2\/tags?post=52669"}],"curies":[{"name":"wp","href":"https:\/\/api.w.org\/{rel}","templated":true}]}}