{"id":52969,"date":"2023-04-28T13:01:37","date_gmt":"2023-04-28T11:01:37","guid":{"rendered":"https:\/\/www.conselharan.org\/auance-eth-projecte-dera-escola-de-rescats-en-montanha-impulsat-peth-conselh-generau-daran\/"},"modified":"2023-04-28T13:02:27","modified_gmt":"2023-04-28T11:02:27","slug":"auance-eth-projecte-dera-escola-de-rescats-en-montanha-impulsat-peth-conselh-generau-daran","status":"publish","type":"post","link":"https:\/\/www.conselharan.org\/es\/auance-eth-projecte-dera-escola-de-rescats-en-montanha-impulsat-peth-conselh-generau-daran\/","title":{"rendered":"Avanza el proyecto de la Escuela de Rescates en Monta\u00f1a impulsado por el Conselh Generau d\u2019Aran"},"content":{"rendered":"<p><a href=\"https:\/\/www.conselharan.org\/wp-content\/uploads\/2023\/04\/IMG_2696-scaled.jpg\"><img loading=\"lazy\" decoding=\"async\" class=\"aligncenter wp-image-52964 size-large\" src=\"https:\/\/www.conselharan.org\/wp-content\/uploads\/2023\/04\/IMG_2696-1024x768.jpg\" alt=\"\" width=\"1024\" height=\"768\" srcset=\"https:\/\/www.conselharan.org\/wp-content\/uploads\/2023\/04\/IMG_2696-1024x768.jpg 1024w, https:\/\/www.conselharan.org\/wp-content\/uploads\/2023\/04\/IMG_2696-300x225.jpg 300w, https:\/\/www.conselharan.org\/wp-content\/uploads\/2023\/04\/IMG_2696-768x576.jpg 768w, https:\/\/www.conselharan.org\/wp-content\/uploads\/2023\/04\/IMG_2696-1536x1152.jpg 1536w, https:\/\/www.conselharan.org\/wp-content\/uploads\/2023\/04\/IMG_2696-2048x1536.jpg 2048w\" sizes=\"(max-width: 1024px) 100vw, 1024px\" \/><\/a><\/p>\n<ul>\n<li>\n<h3><strong>Este centro de formaci\u00f3n, que situar\u00e1 Aran como territorio de referencia en el \u00e1mbito de los rescates de monta\u00f1a y ayudar\u00e1 a diversificar la econom\u00eda del territorio, contar\u00eda con un simulador de rescate con helic\u00f3ptero a tama\u00f1o real y tecnolog\u00eda punta para la simulaci\u00f3n de operaciones, protocolos y actuaciones a trav\u00e9s de medios a\u00e9reos<\/strong><\/h3>\n<\/li>\n<\/ul>\n<p>El Conselh Generau d\u2019Aran, en colaboraci\u00f3n con Pompi\u00e8rs-Emerg\u00e9ncies y el Centro de Innovaci\u00f3n Territorial H\u00e8Pic, sigue trabajando para desarrollar el proyecto del Centro de Formaci\u00f3n de Rescates en Monta\u00f1a de la Val d\u2019Aran.<\/p>\n<p>Un Centro de Formaci\u00f3n SAR (Centro de B\u00fasqueda y Rescate), es un espacio de simulaci\u00f3n de rescate con helic\u00f3ptero a dimensiones reales, donde se pueden simular las maniobras de rescate dentro de la nave. Este proyecto se plantea alrededor de tres ejes: el de la seguridad porque este formato permite m\u00e1s horas de pr\u00e1ctica sin depender de los condicionantes externos, el de ser una infraestructura sostenible ambientalmente por la reducci\u00f3n de CO<sup>2<\/sup> en estas formaciones, y el del ahorro econ\u00f3mico en horas de helic\u00f3ptero.<\/p>\n<p>El objetivo de este equipamiento es el de crear un centro integral de formaci\u00f3n, tanto para rescatadores\/as y actividades de monta\u00f1a, como para cualquier necesidad que pueda derivar de los vuelos de helic\u00f3ptero. Para ello, se contar\u00eda con un simulador de operaciones SAR que contempla tecnolog\u00eda punta a nivel mundial para la simulaci\u00f3n de operaciones que permitir\u00eda a este centro ser un punto de encuentro a nivel nacional en materia de innovaci\u00f3n en operaciones, protocolos y actuaciones a trav\u00e9s de medios a\u00e9reos.<\/p>\n<p>Este proyecto, en el que se lleva casi 3 a\u00f1os trabajando, ser\u00eda pionero y pondr\u00eda Aran como territorio de referencia, porque en Europa solo hay un centro con este tipo de formaci\u00f3n y caracter\u00edsticas ubicado en Bad T\u00f6lz, Alemania, as\u00ed mismo ayudar\u00eda a la diversificaci\u00f3n econ\u00f3mica del territorio.<\/p>\n<p>El proyecto prev\u00e9 una inversi\u00f3n de alrededor 8 millones de euros y la participaci\u00f3n de diversos agentes, tanto p\u00fablicos como privados, como el Conselh Generau d\u2019Aran pero tambi\u00e9n otras administraciones por su importancia a nivel estatal y tambi\u00e9n inversiones privades. Est\u00e1 previsto que se sit\u00fae en el Bajo Aran.<\/p>\n ","protected":false},"excerpt":{"rendered":"<p>Este centro de formaci\u00f3n, que situar\u00e1 Aran como territorio de referencia en el \u00e1mbito de los rescates de monta\u00f1a y ayudar\u00e1 a diversificar la econom\u00eda del territorio, contar\u00eda con un simulador de rescate con helic\u00f3ptero a tama\u00f1o real y tecnolog\u00eda punta para la simulaci\u00f3n de operaciones, protocolos y actuaciones a trav\u00e9s de medios a\u00e9reos El&#8230;<\/p>\n","protected":false},"author":10,"featured_media":52966,"comment_status":"closed","ping_status":"closed","sticky":false,"template":"","format":"standard","meta":{"footnotes":""},"categories":[52,145],"tags":[],"_links":{"self":[{"href":"https:\/\/www.conselharan.org\/es\/wp-json\/wp\/v2\/posts\/52969"}],"collection":[{"href":"https:\/\/www.conselharan.org\/es\/wp-json\/wp\/v2\/posts"}],"about":[{"href":"https:\/\/www.conselharan.org\/es\/wp-json\/wp\/v2\/types\/post"}],"author":[{"embeddable":true,"href":"https:\/\/www.conselharan.org\/es\/wp-json\/wp\/v2\/users\/10"}],"replies":[{"embeddable":true,"href":"https:\/\/www.conselharan.org\/es\/wp-json\/wp\/v2\/comments?post=52969"}],"version-history":[{"count":1,"href":"https:\/\/www.conselharan.org\/es\/wp-json\/wp\/v2\/posts\/52969\/revisions"}],"predecessor-version":[{"id":52970,"href":"https:\/\/www.conselharan.org\/es\/wp-json\/wp\/v2\/posts\/52969\/revisions\/52970"}],"wp:featuredmedia":[{"embeddable":true,"href":"https:\/\/www.conselharan.org\/es\/wp-json\/wp\/v2\/media\/52966"}],"wp:attachment":[{"href":"https:\/\/www.conselharan.org\/es\/wp-json\/wp\/v2\/media?parent=52969"}],"wp:term":[{"taxonomy":"category","embeddable":true,"href":"https:\/\/www.conselharan.org\/es\/wp-json\/wp\/v2\/categories?post=52969"},{"taxonomy":"post_tag","embeddable":true,"href":"https:\/\/www.conselharan.org\/es\/wp-json\/wp\/v2\/tags?post=52969"}],"curies":[{"name":"wp","href":"https:\/\/api.w.org\/{rel}","templated":true}]}}