{"id":53094,"date":"2023-05-09T14:50:16","date_gmt":"2023-05-09T12:50:16","guid":{"rendered":"https:\/\/www.conselharan.org\/era-sindica-daran-visite-es-projectes-impulsadi-peth-govern-daran-en-baish-aran\/"},"modified":"2023-05-09T14:51:03","modified_gmt":"2023-05-09T12:51:03","slug":"era-sindica-daran-visite-es-projectes-impulsadi-peth-govern-daran-en-baish-aran","status":"publish","type":"post","link":"https:\/\/www.conselharan.org\/es\/era-sindica-daran-visite-es-projectes-impulsadi-peth-govern-daran-en-baish-aran\/","title":{"rendered":"La s\u00edndica de Aran visita los proyectos impulsados por el gobierno de Aran en el Bajo Aran"},"content":{"rendered":"<p><a href=\"https:\/\/www.conselharan.org\/wp-content\/uploads\/2021\/09\/Bossost_col_du_Portillon.jpg\"><img loading=\"lazy\" decoding=\"async\" class=\"aligncenter wp-image-44449 size-large\" src=\"https:\/\/www.conselharan.org\/wp-content\/uploads\/2021\/09\/Bossost_col_du_Portillon-1024x768.jpg\" alt=\"\" width=\"1024\" height=\"768\" srcset=\"https:\/\/www.conselharan.org\/wp-content\/uploads\/2021\/09\/Bossost_col_du_Portillon-1024x768.jpg 1024w, https:\/\/www.conselharan.org\/wp-content\/uploads\/2021\/09\/Bossost_col_du_Portillon-300x225.jpg 300w, https:\/\/www.conselharan.org\/wp-content\/uploads\/2021\/09\/Bossost_col_du_Portillon-768x576.jpg 768w, https:\/\/www.conselharan.org\/wp-content\/uploads\/2021\/09\/Bossost_col_du_Portillon-1536x1152.jpg 1536w, https:\/\/www.conselharan.org\/wp-content\/uploads\/2021\/09\/Bossost_col_du_Portillon.jpg 2048w\" sizes=\"(max-width: 1024px) 100vw, 1024px\" \/><\/a><\/p>\n<ul>\n<li>\n<h3><strong>Acompa\u00f1ada por el alcalde de Boss\u00f2st, la s\u00edndica de Aran ha visitado, por un lado, el antiguo cine recientemente adquirido por el Ayuntamiento y en el que el Conselh Generau d\u2019Aran aporta 100.000 \u20ac para su remodelaci\u00f3n.<\/strong><\/h3>\n<\/li>\n<li>\n<h3><strong>Por otro lado, tambi\u00e9n han visitado el terreno donde se contempla la ubicaci\u00f3n de la Escuela de Rescates en Monta\u00f1a en la que el gobierno de Aran lleva tres a\u00f1os trabajando, que contar\u00eda con un simulador de rescate con helic\u00f3ptero a dimensiones reales y la tecnolog\u00eda punta para la simulaci\u00f3n de operaciones, protocolos y actuaciones a trav\u00e9s de medios a\u00e9reos.<\/strong><\/h3>\n<\/li>\n<li>\n<h3><strong>Esta Escuela de Rescates tambi\u00e9n tendr\u00e1 un \u00e1rea de formaci\u00f3n, con aulas adaptadas, que se prev\u00e9 que se ubique en Les.<\/strong><\/h3>\n<\/li>\n<\/ul>\n<p>La s\u00edndica de Aran, Maria Verg\u00e9s, acompa\u00f1ada por los alcaldes de Boss\u00f2st y de Les, Amador Marqu\u00e9s y Andreu Cort\u00e9s, ha llevado a cabo una visita a los espacios en los que el gobierno del Conselh Generau d\u2019Aran desarrolla desde hace un tiempo proyectos importantes para el Bajo Aran.<\/p>\n<p>En Boss\u00f2st visitaron, por un lado, el antiguo cine, propiedad hasta hace unos pocos meses del Bisbat d\u2019Urgell y que ha sido adquirido recientemente por el consistorio para su rehabilitaci\u00f3n tras muchos a\u00f1os cerrado. El Ayuntamiento y el Conselh Generau d\u2019Aran acordaron hace unos meses el apoyo del Conselh para la financiaci\u00f3n de los trabajos de mejora y acondicionamiento de este espacio, con el objetivo de ubicar en esta infraestructura un Centro Cultural y Econ\u00f3mico, que dinamice el tejido empresarial y emprendedor del municipio y pueda acoger tambi\u00e9n actos diversos.<\/p>\n<p>Por otro lado, visitaron el espacio donde se plantea que se ubique la Escuela de Rescates en Monta\u00f1a en la que el gobierno de Aran lleva tres a\u00f1os trabajando de la mano de Pompi\u00e8rs Emerg\u00e9ncies, el HUB de innovaci\u00f3n H\u00e8Pic y profesionales externos. Un centro de formaci\u00f3n con un espacio de simulaci\u00f3n de rescate con helic\u00f3ptero a tama\u00f1o real donde poder simular las maniobras de rescate dentro de la nave. Este equipamiento contar\u00eda con un simulador de operaciones SAR que contempla tecnolog\u00eda punta a nivel mundial para la simulaci\u00f3n de operaciones que permitir\u00eda a este centro convertirse en un punto de encuentro a nivel nacional en materia de innovaci\u00f3n en operaciones, protocolos y actuaciones a trav\u00e9s de medios a\u00e9reos.<\/p>\n<p>Un proyecto innovador, que ayudar\u00eda a diversificar la econom\u00eda de la zona y que permitir\u00eda posicionar Aran como territorio de referencia en este \u00e1mbito, porque en Europa solo hay un centro con este tipo de formaci\u00f3n y caracter\u00edsticas, ubicado en Alemania.<\/p>\n<p>As\u00ed mismo, se prev\u00e9 que este centro tenga tambi\u00e9n un \u00e1rea de formaci\u00f3n con aulas adaptadas que se ubicar\u00e1 en Les.<\/p>\n ","protected":false},"excerpt":{"rendered":"<p>Acompa\u00f1ada por el alcalde de Boss\u00f2st, la s\u00edndica de Aran ha visitado, por un lado, el antiguo cine recientemente adquirido por el Ayuntamiento y en el que el Conselh Generau d\u2019Aran aporta 100.000 \u20ac para su remodelaci\u00f3n. Por otro lado, tambi\u00e9n han visitado el terreno donde se contempla la ubicaci\u00f3n de la Escuela de Rescates&#8230;<\/p>\n","protected":false},"author":10,"featured_media":53108,"comment_status":"closed","ping_status":"closed","sticky":false,"template":"","format":"standard","meta":{"footnotes":""},"categories":[52],"tags":[],"_links":{"self":[{"href":"https:\/\/www.conselharan.org\/es\/wp-json\/wp\/v2\/posts\/53094"}],"collection":[{"href":"https:\/\/www.conselharan.org\/es\/wp-json\/wp\/v2\/posts"}],"about":[{"href":"https:\/\/www.conselharan.org\/es\/wp-json\/wp\/v2\/types\/post"}],"author":[{"embeddable":true,"href":"https:\/\/www.conselharan.org\/es\/wp-json\/wp\/v2\/users\/10"}],"replies":[{"embeddable":true,"href":"https:\/\/www.conselharan.org\/es\/wp-json\/wp\/v2\/comments?post=53094"}],"version-history":[{"count":1,"href":"https:\/\/www.conselharan.org\/es\/wp-json\/wp\/v2\/posts\/53094\/revisions"}],"predecessor-version":[{"id":53095,"href":"https:\/\/www.conselharan.org\/es\/wp-json\/wp\/v2\/posts\/53094\/revisions\/53095"}],"wp:featuredmedia":[{"embeddable":true,"href":"https:\/\/www.conselharan.org\/es\/wp-json\/wp\/v2\/media\/53108"}],"wp:attachment":[{"href":"https:\/\/www.conselharan.org\/es\/wp-json\/wp\/v2\/media?parent=53094"}],"wp:term":[{"taxonomy":"category","embeddable":true,"href":"https:\/\/www.conselharan.org\/es\/wp-json\/wp\/v2\/categories?post=53094"},{"taxonomy":"post_tag","embeddable":true,"href":"https:\/\/www.conselharan.org\/es\/wp-json\/wp\/v2\/tags?post=53094"}],"curies":[{"name":"wp","href":"https:\/\/api.w.org\/{rel}","templated":true}]}}