{"id":53178,"date":"2023-05-16T20:49:50","date_gmt":"2023-05-16T18:49:50","guid":{"rendered":"https:\/\/www.conselharan.org\/ges-a-licitacion-eth-projecte-de-condicionament-deth-tram-dera-n-230-entre-era-boca-nord-deth-tunel-e-vielha\/"},"modified":"2023-05-16T20:54:13","modified_gmt":"2023-05-16T18:54:13","slug":"ges-a-licitacion-eth-projecte-de-condicionament-deth-tram-dera-n-230-entre-era-boca-nord-deth-tunel-e-vielha","status":"publish","type":"post","link":"https:\/\/www.conselharan.org\/es\/ges-a-licitacion-eth-projecte-de-condicionament-deth-tram-dera-n-230-entre-era-boca-nord-deth-tunel-e-vielha\/","title":{"rendered":"Sale a licitaci\u00f3n el proyecto de acondicionamiento del tramo de la N-230 entre la boca norte del T\u00fanel y Vielha"},"content":{"rendered":"<p><a href=\"https:\/\/www.conselharan.org\/wp-content\/uploads\/2023\/05\/tunel-de-vielha.jpg\"><img loading=\"lazy\" decoding=\"async\" class=\"aligncenter wp-image-53173 size-full\" src=\"https:\/\/www.conselharan.org\/wp-content\/uploads\/2023\/05\/tunel-de-vielha.jpg\" alt=\"\" width=\"640\" height=\"427\" srcset=\"https:\/\/www.conselharan.org\/wp-content\/uploads\/2023\/05\/tunel-de-vielha.jpg 640w, https:\/\/www.conselharan.org\/wp-content\/uploads\/2023\/05\/tunel-de-vielha-300x200.jpg 300w\" sizes=\"(max-width: 640px) 100vw, 640px\" \/><\/a><\/p>\n<ul>\n<li>\n<h3><strong>El Ministerio de Transportes, Movilidad y Agenda Urbana ha anunciado hoy la adjudicaci\u00f3n de la redacci\u00f3n del proyecto de acondicionamiento de la N-230 entre la boca norte del T\u00fanel y Vielha <\/strong><\/h3>\n<\/li>\n<li>\n<h3><strong>Este anuncio llega pocos meses despu\u00e9s de que el Ministerio anunciase la aprobaci\u00f3n del estudio informativo del acondicionamiento de la N-230 en este tramo, y responde al compromiso del Estado para la mejora de esta carretera, as\u00ed como manifest\u00f3 el pasado mes de septiembre el secretario general de infraestructuras del Estado en su visita al Conselh Generau d\u2019Aran<\/strong><\/h3>\n<\/li>\n<li>\n<h3><strong>El gobierno de Aran muestra su satisfacci\u00f3n por los r\u00e1pidos avances en la mejora de esta carretera tan reclamados por el territorio<\/strong><\/h3>\n<\/li>\n<\/ul>\n<p>El Ministerio de Transportes, Movilidad y Agenda Urbana (Mitma) ha adjudicado el contrato de servicios para redactar el proyecto \u201cAcondicionamiento de la carretera N-230 mediante ampliaci\u00f3n de plataforma y estudio de implantaci\u00f3n de carriles adicionales de adelantamiento. Tramo: Boca Norte del T\u00fanel Juan Carlos I \u2013 Vielha\u201d, por 830.000 \u20ac.<\/p>\n<p>El objetivo del proyecto ser\u00e1 desarrollar las actuaciones necesarias para mejorar la seguridad vial de este tramo de 6 kil\u00f3metros de longitud, mediante la ampliaci\u00f3n de su plataforma hasta conseguir una calzada de 7 m de anchura con arcenes de 1 m y cuneta longitudinal de seguridad adosada, logrando la m\u00e1xima integraci\u00f3n ambiental de los elementos funcionales de la carretera.<\/p>\n<p>Adem\u00e1s se estudiar\u00e1 la posibilidad de establecer carriles adicionales de adelantamiento en los tramos m\u00e1s aptos. Los trabajos de mejora se completar\u00e1n con el dise\u00f1o de la rehabilitaci\u00f3n estructural del firme que resulte necesaria, el estudio de la implantaci\u00f3n de lechos de frenado y de un salvaaludes en sustituci\u00f3n del actual.<\/p>\n<p>Esta actuaci\u00f3n forma parte de la agenda de actuaciones para mejorar la carretera N-230 entre Almenar y la frontera francesa de P\u00f2nt de Rei y responde a una petici\u00f3n hist\u00f3rica tanto de la Val d\u2019Aran como del resto de territorios que atraviesa esta v\u00eda. La \u201cAgenda N-230\u201d fue presentada por el secretario general de infraestructuras del Estado, Xavier Flores, en la sede del Conselh Generau d\u2019Aran el pasado mes de septiembre, en un acto que evidencia el compromiso del Estado con esta carretera.<\/p>\n ","protected":false},"excerpt":{"rendered":"<p>El Ministerio de Transportes, Movilidad y Agenda Urbana ha anunciado hoy la adjudicaci\u00f3n de la redacci\u00f3n del proyecto de acondicionamiento de la N-230 entre la boca norte del T\u00fanel y Vielha Este anuncio llega pocos meses despu\u00e9s de que el Ministerio anunciase la aprobaci\u00f3n del estudio informativo del acondicionamiento de la N-230 en este tramo,&#8230;<\/p>\n","protected":false},"author":10,"featured_media":53175,"comment_status":"closed","ping_status":"closed","sticky":false,"template":"","format":"standard","meta":{"footnotes":""},"categories":[34],"tags":[],"_links":{"self":[{"href":"https:\/\/www.conselharan.org\/es\/wp-json\/wp\/v2\/posts\/53178"}],"collection":[{"href":"https:\/\/www.conselharan.org\/es\/wp-json\/wp\/v2\/posts"}],"about":[{"href":"https:\/\/www.conselharan.org\/es\/wp-json\/wp\/v2\/types\/post"}],"author":[{"embeddable":true,"href":"https:\/\/www.conselharan.org\/es\/wp-json\/wp\/v2\/users\/10"}],"replies":[{"embeddable":true,"href":"https:\/\/www.conselharan.org\/es\/wp-json\/wp\/v2\/comments?post=53178"}],"version-history":[{"count":2,"href":"https:\/\/www.conselharan.org\/es\/wp-json\/wp\/v2\/posts\/53178\/revisions"}],"predecessor-version":[{"id":53180,"href":"https:\/\/www.conselharan.org\/es\/wp-json\/wp\/v2\/posts\/53178\/revisions\/53180"}],"wp:featuredmedia":[{"embeddable":true,"href":"https:\/\/www.conselharan.org\/es\/wp-json\/wp\/v2\/media\/53175"}],"wp:attachment":[{"href":"https:\/\/www.conselharan.org\/es\/wp-json\/wp\/v2\/media?parent=53178"}],"wp:term":[{"taxonomy":"category","embeddable":true,"href":"https:\/\/www.conselharan.org\/es\/wp-json\/wp\/v2\/categories?post=53178"},{"taxonomy":"post_tag","embeddable":true,"href":"https:\/\/www.conselharan.org\/es\/wp-json\/wp\/v2\/tags?post=53178"}],"curies":[{"name":"wp","href":"https:\/\/api.w.org\/{rel}","templated":true}]}}