{"id":53292,"date":"2023-05-29T14:37:27","date_gmt":"2023-05-29T12:37:27","guid":{"rendered":"https:\/\/www.conselharan.org\/eth-conselh-generau-daran-concedis-ueit-premis-as-trabalhs-de-recerca-en-aranes-presentadi-pes-estudiants-der-institut-daran\/"},"modified":"2023-05-29T14:41:01","modified_gmt":"2023-05-29T12:41:01","slug":"eth-conselh-generau-daran-concedis-ueit-premis-as-trabalhs-de-recerca-en-aranes-presentadi-pes-estudiants-der-institut-daran","status":"publish","type":"post","link":"https:\/\/www.conselharan.org\/es\/eth-conselh-generau-daran-concedis-ueit-premis-as-trabalhs-de-recerca-en-aranes-presentadi-pes-estudiants-der-institut-daran\/","title":{"rendered":"Eth Conselh Generau d\u2019Aran conced\u00eds u\u00e8it  pr\u00e8mis as Trabalhs de Rec\u00e8rca en aran\u00e9s presentadi pes estudiants der Institut d\u2019Aran"},"content":{"rendered":"<p><a href=\"https:\/\/www.conselharan.org\/wp-content\/uploads\/2023\/05\/WhatsApp-Image-2023-05-29-at-08.59.53.jpeg\"><img loading=\"lazy\" decoding=\"async\" class=\"alignnone size-full wp-image-53287\" src=\"https:\/\/www.conselharan.org\/wp-content\/uploads\/2023\/05\/WhatsApp-Image-2023-05-29-at-08.59.53.jpeg\" alt=\"\" width=\"1600\" height=\"1066\" srcset=\"https:\/\/www.conselharan.org\/wp-content\/uploads\/2023\/05\/WhatsApp-Image-2023-05-29-at-08.59.53.jpeg 1600w, https:\/\/www.conselharan.org\/wp-content\/uploads\/2023\/05\/WhatsApp-Image-2023-05-29-at-08.59.53-300x200.jpeg 300w, https:\/\/www.conselharan.org\/wp-content\/uploads\/2023\/05\/WhatsApp-Image-2023-05-29-at-08.59.53-1024x682.jpeg 1024w, https:\/\/www.conselharan.org\/wp-content\/uploads\/2023\/05\/WhatsApp-Image-2023-05-29-at-08.59.53-768x512.jpeg 768w, https:\/\/www.conselharan.org\/wp-content\/uploads\/2023\/05\/WhatsApp-Image-2023-05-29-at-08.59.53-1536x1023.jpeg 1536w\" sizes=\"(max-width: 1600px) 100vw, 1600px\" \/><\/a><\/p>\n<h6>F\u00f2to: Fototur<\/h6>\n<ul>\n<li>\n<h3><strong>Aguesti pr\u00e8mis an coma objectiu recon\u00e9isher era dedicacion des estudiants de bachelierat der Institut d\u2019Aran en emplec dera n\u00f2sta lengua a niv\u00e8u academic<\/strong><\/h3>\n<\/li>\n<li>\n<h3><strong>Deth Conselh Generau d\u2019Aran en\u00e7\u00e0 volem arregra\u00efr eth trabalh desvolopat per aguesti u\u00e8it estudiants, que contribusissen ara difusion e dignificacion der aran\u00e9s, atau coma felicitar a tot er alumnat deth n\u00f2ste Institut qu\u2019a finalizat eth Bachelierat e comence ara ua naua etapa en s\u00f2n futur educatiu!<\/strong><\/h3>\n<\/li>\n<\/ul>\n<p>Eth passat diuendres auec l\u00f2c era cerim\u00f2nia de graduacion des estudiants qu\u2019an acabat eth Bachelierat en Institut d\u2019Aran. En madeish acte, se h\u00e8ren a con\u00e9isher es trabalhs de recerca en aran\u00e9s presentadi enguan e as qu\u2019eth gov\u00e8rn deth Conselh Generau d\u2019Aran a concedit es pr\u00e8mis as TDR en aran\u00e9s, damb era finalitat de recon\u00e9isher era dedicacion des estudiants en emplec dera n\u00f2sta lengua a niv\u00e8u academic.<\/p>\n<p>En totau son 8 trabalhs -tres m\u00e8s qu\u2019en cors passat- damb qualificacions de notable e excellent, que contribuir\u00e0n ara difusion e dignificacion dera n\u00f2sta lengua:<\/p>\n<ul>\n<li>M\u2019eng\u00fcegi aciu embarrat!<\/li>\n<li>Desvolopament urbanistic ena Val d\u2019Aran.<\/li>\n<li>Era superviuen\u00e7a d\u2019un club aran\u00e9s: Era U.E Boss\u00f2st.<\/li>\n<li>Per qu\u00e9 i a esc\u00f2les barrades enes p\u00f2bles?<\/li>\n<li>Es dr\u00f2gues enes adolescents.<\/li>\n<li>H\u00e8nt camin en un mon d\u2019\u00f2mes.<\/li>\n<li>\u00c7\u00f2 que mos h\u00e8 dispari\u00e8rs.<\/li>\n<li>Evolucion e autogov\u00e8rn, dues paraules araneses.<\/li>\n<\/ul>\n<p>Aguesti TdR les poiratz consultar ena web der aran\u00e9s a compdar deth mes que ven:<\/p>\n<p><a href=\"https:\/\/aranes.conselharan.org\/\">https:\/\/aranes.conselharan.org\/<\/a><\/p>\n ","protected":false},"excerpt":{"rendered":"<p>F\u00f2to: Fototur Aguesti pr\u00e8mis an coma objectiu recon\u00e9isher era dedicacion des estudiants de bachelierat der Institut d\u2019Aran en emplec dera n\u00f2sta lengua a niv\u00e8u academic Deth Conselh Generau d\u2019Aran en\u00e7\u00e0 volem arregra\u00efr eth trabalh desvolopat per aguesti u\u00e8it estudiants, que contribusissen ara difusion e dignificacion der aran\u00e9s, atau coma felicitar a tot er alumnat deth&#8230;<\/p>\n","protected":false},"author":10,"featured_media":53289,"comment_status":"closed","ping_status":"closed","sticky":false,"template":"","format":"standard","meta":{"footnotes":""},"categories":[795,132,34],"tags":[],"_links":{"self":[{"href":"https:\/\/www.conselharan.org\/es\/wp-json\/wp\/v2\/posts\/53292"}],"collection":[{"href":"https:\/\/www.conselharan.org\/es\/wp-json\/wp\/v2\/posts"}],"about":[{"href":"https:\/\/www.conselharan.org\/es\/wp-json\/wp\/v2\/types\/post"}],"author":[{"embeddable":true,"href":"https:\/\/www.conselharan.org\/es\/wp-json\/wp\/v2\/users\/10"}],"replies":[{"embeddable":true,"href":"https:\/\/www.conselharan.org\/es\/wp-json\/wp\/v2\/comments?post=53292"}],"version-history":[{"count":1,"href":"https:\/\/www.conselharan.org\/es\/wp-json\/wp\/v2\/posts\/53292\/revisions"}],"predecessor-version":[{"id":53293,"href":"https:\/\/www.conselharan.org\/es\/wp-json\/wp\/v2\/posts\/53292\/revisions\/53293"}],"wp:featuredmedia":[{"embeddable":true,"href":"https:\/\/www.conselharan.org\/es\/wp-json\/wp\/v2\/media\/53289"}],"wp:attachment":[{"href":"https:\/\/www.conselharan.org\/es\/wp-json\/wp\/v2\/media?parent=53292"}],"wp:term":[{"taxonomy":"category","embeddable":true,"href":"https:\/\/www.conselharan.org\/es\/wp-json\/wp\/v2\/categories?post=53292"},{"taxonomy":"post_tag","embeddable":true,"href":"https:\/\/www.conselharan.org\/es\/wp-json\/wp\/v2\/tags?post=53292"}],"curies":[{"name":"wp","href":"https:\/\/api.w.org\/{rel}","templated":true}]}}