{"id":53551,"date":"2023-06-21T15:32:47","date_gmt":"2023-06-21T13:32:47","guid":{"rendered":"https:\/\/www.conselharan.org\/?p=53551"},"modified":"2023-06-21T15:32:47","modified_gmt":"2023-06-21T13:32:47","slug":"maria-verges-escogida-sindica-de-aran","status":"publish","type":"post","link":"https:\/\/www.conselharan.org\/es\/maria-verges-escogida-sindica-de-aran\/","title":{"rendered":"Maria Verg\u00e9s, escogida s\u00edndica de Aran"},"content":{"rendered":"<p><a href=\"https:\/\/www.conselharan.org\/wp-content\/uploads\/2023\/06\/Whatsapp-presa-possession.jpg\"><img loading=\"lazy\" decoding=\"async\" class=\"aligncenter wp-image-53558 size-large\" src=\"https:\/\/www.conselharan.org\/wp-content\/uploads\/2023\/06\/Whatsapp-presa-possession-1024x682.jpg\" alt=\"\" width=\"1024\" height=\"682\" srcset=\"https:\/\/www.conselharan.org\/wp-content\/uploads\/2023\/06\/Whatsapp-presa-possession-1024x682.jpg 1024w, https:\/\/www.conselharan.org\/wp-content\/uploads\/2023\/06\/Whatsapp-presa-possession-300x200.jpg 300w, https:\/\/www.conselharan.org\/wp-content\/uploads\/2023\/06\/Whatsapp-presa-possession-768x512.jpg 768w, https:\/\/www.conselharan.org\/wp-content\/uploads\/2023\/06\/Whatsapp-presa-possession-1536x1023.jpg 1536w, https:\/\/www.conselharan.org\/wp-content\/uploads\/2023\/06\/Whatsapp-presa-possession.jpg 1600w\" sizes=\"(max-width: 1024px) 100vw, 1024px\" \/><\/a><\/p>\n<ul>\n<li>\n<h3><strong>La Casa deth Senhor d\u2019Arr\u00f2s ha acogido hoy la constituci\u00f3n del nuevo Conselh Generau d\u2019Aran, un Pleno donde Maria Verg\u00e9s ha sido escogida como s\u00edndica de Aran por mayor\u00eda absoluta<\/strong><\/h3>\n<\/li>\n<li>\n<h3><strong>La s\u00edndica de Aran electa ha manifestado durante su discurso de investidura su compromiso con el pa\u00eds, con los araneses y la instituci\u00f3n y ha asegurado que trabajar\u00e1 para que la ciudadan\u00eda de Aran vea en el Conselh Generau d\u2019Aran a una instituci\u00f3n fuerte, moderna y emp\u00e1tica, que es indispensable para mejorar su calidad de vida y para defender su presente y futuro, y de la que se sientan orgullosos y orgullosas<\/strong><\/h3>\n<\/li>\n<li>\n<h3><strong>La toma de posesi\u00f3n ha contado, entre otras autoridades e invitados, con la presencia de la presidenta del Parlament de Catalunya<\/strong><\/h3>\n<\/li>\n<\/ul>\n<p>Este mediod\u00eda ha tenido lugar, en la Casa deth Senhor d\u2019Arr\u00f2s (sede institucional del Conselh), el Pleno de constituci\u00f3n del nuevo Conselh Generau d\u2019Aran despu\u00e9s de las elecciones municipales y a la m\u00e1xima instituci\u00f3n aranesa del pasado 28 de mayo.<\/p>\n<p>En este Pleno, los trece conselh\u00e8rs han prometido el cargo y, posteriormente, tal como dispone el art\u00edculo 41.1 de la Ley de R\u00e9gimen Especial de Aran, se ha elegido con mayor\u00eda absoluta (con los votos de los nueve conselh\u00e8rs de UA) a Maria Verg\u00e9s como s\u00edndica de Aran para los pr\u00f3ximos cuatro a\u00f1os.<\/p>\n<p>El acto que ha contado con la presencia de la presidenta del Parlament, Anna Erra, el delegado del gobierno en Catalunya, Carlos Prieto, el secretario general para el Reto Demogr\u00e1fico, Paco Boya, el secretario de Gobiernos Locales y Relaciones con Aran, David Rodr\u00edguez, y el presidente de la Diputaci\u00f3n de Lleida, entre otras autoridades e invitados.<\/p>\n<p>\u201c<strong>Tomo esta responsabilidad con el mayor de los respetos al pa\u00eds, a la gente y a la instituci\u00f3n<\/strong>, y lo hago junto con los magn\u00edficos conselh\u00e8rs del Conselh Generau d\u2019Aran, a quienes quiero agradecer su compromiso y trabajo por la Val d\u2019Aran y su ciudadan\u00eda\u201d manifestaba la s\u00edndica electa en su parlamento, donde tambi\u00e9n ha querido destacar que quiere \u201c<strong>trabajar para que los araneses y aranesas vean en el Conselh Generau d\u2019Aran a una instituci\u00f3n fuerte, moderna y emp\u00e1tica, una instituci\u00f3n que es indispensable para mejorar su calidad de vida y para defender su presente y futuro, y quiero que se sientan orgullosos y orgullosas<\/strong>\u201d.<\/p>\n<p>En este sentido, Verg\u00e9s afirmaba: \u201c<strong>quiero renovar el v\u00ednculo emocional con la tierra y con el pa\u00eds, adaptarlo a los nuevos tiempos y construir un Aran de todos y para todos. Porque no podemos hablar de Aran como pa\u00eds si no se gobierna Aran como un pa\u00eds<\/strong>\u201d, haciendo \u00e9nfasis en la importancia que tiene <strong>desarrollar las m\u00e1ximas cuotas de autogobierno a trav\u00e9s de un despliegue efectivo de la Ley de R\u00e9gimen Especial de Aran<\/strong> para poder llevar a cabo una gesti\u00f3n desde la proximidad, que tenga como objetivo poner a las personas en el centro de las acciones y pol\u00edticas.<\/p>\n<p>Tambi\u00e9n destacaba que \u201c<strong>Aran es una realidad nacional, dotada de lengua y cultura, de autogobierno e instituciones propias y es nuestra obligaci\u00f3n defenderlas y honorarlas<\/strong>, pero solo desde el convencimiento y consciencia de que necesitamos empat\u00eda y complicidades\u201d, <strong>extendiendo la mano a colaborar con el resto de territorios del Pirineo, con quien Aran comparte retos de futuro, as\u00ed como con los gobiernos catal\u00e1n y espa\u00f1ol<\/strong>. \u201cTrabajaremos por una Val d\u2019Aran fuerte, que se impulsa hacia delante con firmeza pero tambi\u00e9n con solidaridad y esp\u00edritu de colaboraci\u00f3n con el resto de territorios e instituciones\u201d.<\/p>\n<p>Seg\u00fan los resultados electorales, la composici\u00f3n del Conselh Generau d\u2019Aran surgida de las urnas es la siguiente<strong>: 9 conselh\u00e8rs de Unitat d\u2019Aran y 4 conselh\u00e8rs de Converg\u00e9ncia Aranesa<\/strong>.<\/p>\n<p>El Conselh Generau d\u2019Aran estar\u00e1 formado por 13 conselh\u00e8rs distribuidos en los seis \u201cter\u00e7ons\u201d hist\u00f3ricos:<\/p>\n<p><strong>Ter\u00e7on de Puj\u00f2lo. 2 miembros:<\/strong><\/p>\n<p>-Mgfc. Sr. C\u00e9sar Ruiz- Canela Nieto (CA)<\/p>\n<p>-Mgfc. Sr. Francisco Bruna Capel (UA)<\/p>\n<p><strong>Ter\u00e7on d\u2019Arties e Gar\u00f2s. 2 miembros:<\/strong><\/p>\n<p>-Mgfc. Sr. \u00d2scar Canut C\u00f2nsul (CA)<\/p>\n<p>-Mgfc. Sr. Jos\u00e9 Canut Herraiz (UA)<\/p>\n<p><strong>Ter\u00e7on de Casti\u00e8ro. 4 miembros:<\/strong><\/p>\n<p>-Mgfca. Sra. Maria Verg\u00e9s P\u00e9rez (UA)<\/p>\n<p>-Mgfc. Sr. Juan Antonio Serrano Iglesias (UA)<\/p>\n<p>&#8211; Mgfc. Sr. Javier Cavero S\u00e1ez (UA)<\/p>\n<p>-Mgfca. Sra. Rosa Maria Salgueiro Puj\u00f2s (CA)<\/p>\n<p><strong>Ter\u00e7on de Marcatosa. 1 miembro:<\/strong><\/p>\n<p>&#8211; Mgfca. Sra. Maria Menis Farr\u00e9 (UA)<\/p>\n<p><strong>Ter\u00e7on de Lairissa. 1 miembro:<\/strong><\/p>\n<p>-Mgfc. Sr. Oriol Sala S\u00e1nchez (UA)<\/p>\n<p><strong>Ter\u00e7on de Quate L\u00f2cs. 3 miembros:<\/strong><\/p>\n<p>-Mgfc. Sr. Amador Marqu\u00e9s At\u00e9s (UA)<\/p>\n<p>-Mgfc. Sr. Andreu Cort\u00e9s Labrid (UA)<\/p>\n<p>-Mgfc. Sr. Francisco Jos\u00e9 Rodr\u00edguez Berart (CA)<\/p>\n ","protected":false},"excerpt":{"rendered":"<p>La Casa deth Senhor d\u2019Arr\u00f2s ha acogido hoy la constituci\u00f3n del nuevo Conselh Generau d\u2019Aran, un Pleno donde Maria Verg\u00e9s ha sido escogida como s\u00edndica de Aran por mayor\u00eda absoluta La s\u00edndica de Aran electa ha manifestado durante su discurso de investidura su compromiso con el pa\u00eds, con los araneses y la instituci\u00f3n y ha&#8230;<\/p>\n","protected":false},"author":10,"featured_media":53558,"comment_status":"closed","ping_status":"closed","sticky":false,"template":"","format":"standard","meta":{"footnotes":""},"categories":[52],"tags":[],"_links":{"self":[{"href":"https:\/\/www.conselharan.org\/es\/wp-json\/wp\/v2\/posts\/53551"}],"collection":[{"href":"https:\/\/www.conselharan.org\/es\/wp-json\/wp\/v2\/posts"}],"about":[{"href":"https:\/\/www.conselharan.org\/es\/wp-json\/wp\/v2\/types\/post"}],"author":[{"embeddable":true,"href":"https:\/\/www.conselharan.org\/es\/wp-json\/wp\/v2\/users\/10"}],"replies":[{"embeddable":true,"href":"https:\/\/www.conselharan.org\/es\/wp-json\/wp\/v2\/comments?post=53551"}],"version-history":[{"count":2,"href":"https:\/\/www.conselharan.org\/es\/wp-json\/wp\/v2\/posts\/53551\/revisions"}],"predecessor-version":[{"id":53560,"href":"https:\/\/www.conselharan.org\/es\/wp-json\/wp\/v2\/posts\/53551\/revisions\/53560"}],"wp:featuredmedia":[{"embeddable":true,"href":"https:\/\/www.conselharan.org\/es\/wp-json\/wp\/v2\/media\/53558"}],"wp:attachment":[{"href":"https:\/\/www.conselharan.org\/es\/wp-json\/wp\/v2\/media?parent=53551"}],"wp:term":[{"taxonomy":"category","embeddable":true,"href":"https:\/\/www.conselharan.org\/es\/wp-json\/wp\/v2\/categories?post=53551"},{"taxonomy":"post_tag","embeddable":true,"href":"https:\/\/www.conselharan.org\/es\/wp-json\/wp\/v2\/tags?post=53551"}],"curies":[{"name":"wp","href":"https:\/\/api.w.org\/{rel}","templated":true}]}}