{"id":53659,"date":"2023-07-04T14:30:04","date_gmt":"2023-07-04T12:30:04","guid":{"rendered":"https:\/\/www.conselharan.org\/era-val-daran-compdara-damb-era-especialitat-dendocrinologia-en-espitau\/"},"modified":"2023-07-04T14:36:21","modified_gmt":"2023-07-04T12:36:21","slug":"era-val-daran-compdara-damb-era-especialitat-dendocrinologia-en-espitau","status":"publish","type":"post","link":"https:\/\/www.conselharan.org\/es\/era-val-daran-compdara-damb-era-especialitat-dendocrinologia-en-espitau\/","title":{"rendered":"La Val d\u2019Aran contar\u00e1 con la especialidad de endocrinolog\u00eda en su Hospital"},"content":{"rendered":"<p><a href=\"https:\/\/www.conselharan.org\/wp-content\/uploads\/2023\/01\/IMG_7685-scaled.jpg\"><img loading=\"lazy\" decoding=\"async\" class=\"aligncenter wp-image-51498 size-large\" src=\"https:\/\/www.conselharan.org\/wp-content\/uploads\/2023\/01\/IMG_7685-1024x768.jpg\" alt=\"\" width=\"1024\" height=\"768\" srcset=\"https:\/\/www.conselharan.org\/wp-content\/uploads\/2023\/01\/IMG_7685-1024x768.jpg 1024w, https:\/\/www.conselharan.org\/wp-content\/uploads\/2023\/01\/IMG_7685-300x225.jpg 300w, https:\/\/www.conselharan.org\/wp-content\/uploads\/2023\/01\/IMG_7685-768x576.jpg 768w, https:\/\/www.conselharan.org\/wp-content\/uploads\/2023\/01\/IMG_7685-1536x1152.jpg 1536w, https:\/\/www.conselharan.org\/wp-content\/uploads\/2023\/01\/IMG_7685-2048x1536.jpg 2048w\" sizes=\"(max-width: 1024px) 100vw, 1024px\" \/><\/a><\/p>\n<ul>\n<li>\n<h3><strong>El Conselh Generau d\u2019Aran ampl\u00eda a partir de este mes de julio la cartera de Servicios Asistenciales Integrados gracias a su alianza con el Hospital del Mar, consiguiendo en el Espitau Val d\u2019Aran un nuevo endocrino y una educadora de diabetes que visitar\u00e1n presencialmente en la Val d\u2019Aran cada mes y, semanalmente, realizar\u00e1n valoraciones telem\u00e1ticas de derivaciones, dar\u00e1n resultados y har\u00e1n seguimiento a los pacientes<\/strong><\/h3>\n<\/li>\n<\/ul>\n<p>Este mes de julio inicia la colaboraci\u00f3n entre los Servicios Asistenciales Integrados de Aran con el servicio de endocrino del Hospital del Mar de Barcelona, pudiendo contar as\u00ed con la presencia en el Espitau Val d\u2019Aran de un endocrino y una educadora de diabetes cada mes que, adem\u00e1s, realizar\u00e1n semanalmente valoraciones telem\u00e1ticas de derivaciones, brindar\u00e1n resultados y har\u00e1n seguimiento a los pacientes.<\/p>\n<p>\u201cGracias a esta alianza con el Hospital del Mar, ampliamos la cartera de servicios de salud del Conselh Generau d\u2019Aran y continuamos trabajando para mejorar la atenci\u00f3n asistencial a los usuarios y usuarias de nuestro sistema, evitando el m\u00e1ximo de desplazamientos posibles fuera de la Val d\u2019Aran\u201d, afirmaba la s\u00edndica de Aran, Maria Verg\u00e9s.<\/p>\n<p>Tambi\u00e9n, a trav\u00e9s de este acuerdo, los profesionales de Aran contar\u00e1n con el apoyo de los especialistas del Hospital del Mar en todo lo relativo a la revisi\u00f3n de los casos, a las sesiones cl\u00ednicas, formaci\u00f3n, etc.<\/p>\n<p>Esta nueva cartera de endocrino se centrar\u00e1 en: la diabetes gestacional, los trastornos tiroideos durante el embarazo, la diabetes de los adultos que no puedan gestionarse desde Atenci\u00f3n Primaria, la patolog\u00eda tiroidea o paratiroidea, determinados tipos de obesidad y cualquier otro problema endocrinol\u00f3gico que desde Atenci\u00f3n Primaria o Medicina Interna se considere susceptible de derivaci\u00f3n a esta especialidad.<\/p>\n<p>La presencia de estos especialistas endocrinos en Aran, tanto de manera presencial como telem\u00e1tica, permitir\u00e1 a la ciudadan\u00eda tener acceso a esta especialidad en el territorio, y tambi\u00e9n facilitar\u00e1 a los profesionales de los Servicios Asistenciales Integrados de Aran el apoyo y la capacidad de ampliaci\u00f3n de conocimiento en esta \u00e1rea y el trabajo en equipo a distancia.<\/p>\n ","protected":false},"excerpt":{"rendered":"<p>El Conselh Generau d\u2019Aran ampl\u00eda a partir de este mes de julio la cartera de Servicios Asistenciales Integrados gracias a su alianza con el Hospital del Mar, consiguiendo en el Espitau Val d\u2019Aran un nuevo endocrino y una educadora de diabetes que visitar\u00e1n presencialmente en la Val d\u2019Aran cada mes y, semanalmente, realizar\u00e1n valoraciones telem\u00e1ticas&#8230;<\/p>\n","protected":false},"author":10,"featured_media":51500,"comment_status":"closed","ping_status":"closed","sticky":false,"template":"","format":"standard","meta":{"footnotes":""},"categories":[34,789],"tags":[],"_links":{"self":[{"href":"https:\/\/www.conselharan.org\/es\/wp-json\/wp\/v2\/posts\/53659"}],"collection":[{"href":"https:\/\/www.conselharan.org\/es\/wp-json\/wp\/v2\/posts"}],"about":[{"href":"https:\/\/www.conselharan.org\/es\/wp-json\/wp\/v2\/types\/post"}],"author":[{"embeddable":true,"href":"https:\/\/www.conselharan.org\/es\/wp-json\/wp\/v2\/users\/10"}],"replies":[{"embeddable":true,"href":"https:\/\/www.conselharan.org\/es\/wp-json\/wp\/v2\/comments?post=53659"}],"version-history":[{"count":3,"href":"https:\/\/www.conselharan.org\/es\/wp-json\/wp\/v2\/posts\/53659\/revisions"}],"predecessor-version":[{"id":53665,"href":"https:\/\/www.conselharan.org\/es\/wp-json\/wp\/v2\/posts\/53659\/revisions\/53665"}],"wp:featuredmedia":[{"embeddable":true,"href":"https:\/\/www.conselharan.org\/es\/wp-json\/wp\/v2\/media\/51500"}],"wp:attachment":[{"href":"https:\/\/www.conselharan.org\/es\/wp-json\/wp\/v2\/media?parent=53659"}],"wp:term":[{"taxonomy":"category","embeddable":true,"href":"https:\/\/www.conselharan.org\/es\/wp-json\/wp\/v2\/categories?post=53659"},{"taxonomy":"post_tag","embeddable":true,"href":"https:\/\/www.conselharan.org\/es\/wp-json\/wp\/v2\/tags?post=53659"}],"curies":[{"name":"wp","href":"https:\/\/api.w.org\/{rel}","templated":true}]}}