{"id":53680,"date":"2023-07-06T14:12:14","date_gmt":"2023-07-06T12:12:14","guid":{"rendered":"https:\/\/www.conselharan.org\/eth-ministeri-de-transports-formalize-era-redaccion-deth-projecte-ta-condicionar-era-n-230-entre-era-boca-nord-deth-tunel-e-vielha\/"},"modified":"2023-07-06T14:14:42","modified_gmt":"2023-07-06T12:14:42","slug":"eth-ministeri-de-transports-formalize-era-redaccion-deth-projecte-ta-condicionar-era-n-230-entre-era-boca-nord-deth-tunel-e-vielha","status":"publish","type":"post","link":"https:\/\/www.conselharan.org\/es\/eth-ministeri-de-transports-formalize-era-redaccion-deth-projecte-ta-condicionar-era-n-230-entre-era-boca-nord-deth-tunel-e-vielha\/","title":{"rendered":"El Ministerio de Transportes formaliza la redacci\u00f3n del proyecto para acondicionar la N-230 entre la boca norte del t\u00fanel y Vielha"},"content":{"rendered":"<p><a href=\"https:\/\/www.conselharan.org\/wp-content\/uploads\/2016\/11\/tunel-de-vielha.jpg\"><img loading=\"lazy\" decoding=\"async\" class=\"aligncenter wp-image-14652 size-full\" src=\"https:\/\/www.conselharan.org\/wp-content\/uploads\/2016\/11\/tunel-de-vielha.jpg\" alt=\"\" width=\"640\" height=\"427\" srcset=\"https:\/\/www.conselharan.org\/wp-content\/uploads\/2016\/11\/tunel-de-vielha.jpg 640w, https:\/\/www.conselharan.org\/wp-content\/uploads\/2016\/11\/tunel-de-vielha-300x200.jpg 300w\" sizes=\"(max-width: 640px) 100vw, 640px\" \/><\/a><\/p>\n<ul>\n<li>\n<h3><strong>Con una inversi\u00f3n de 830.000 \u20ac, el Ministerio de Transportes, Movilidad y Agenda Urbana anunci\u00f3 ayer que ha formalizado el contrato de servicios para redactar el proyecto de acondicionamiento de esta v\u00eda en el tramo entre la boca norte del t\u00fanel y Vielha y el estudio de implementaci\u00f3n de carriles adicionales de adelantamiento en caso de que sea posible<\/strong><\/h3>\n<\/li>\n<li>\n<h3><strong>Este anuncio se corresponde con el compromiso asumido por el gobierno del Estado con los territorios afectados por el paso de la N-230, as\u00ed como manifest\u00f3 hace poco menos de un a\u00f1o el secretario general de infraestructuras del Estado en su visita al Conselh Generau d\u2019Aran<\/strong><\/h3>\n<\/li>\n<li>\n<h3><strong>El gobierno de Aran muestra su satisfacci\u00f3n por los r\u00e1pidos avances en la mejora de esta carretera tan reclamados por el territorio<\/strong><\/h3>\n<\/li>\n<\/ul>\n<p>El Ministerio de Transportes, Movilidad y Agenda Urbana (Mitma) anunci\u00f3 ayer que ya ha formalizado, por un importe de 830.000\u20ac, el contrato de servicios para la redacci\u00f3n del proyecto \u201cAcondicionamiento de la carretera N-230 mediante ampliaci\u00f3n de plataforma y estudio de implantaci\u00f3n de carriles adicionales de adelantamiento. Tramo: Boca Norte del T\u00fanel Juan Carlos I \u2013 Vielha\u201d.<\/p>\n<p>\u201cHace menos de un a\u00f1o, el secretario de infraestructuras del Estado, Xavier Flores, acompa\u00f1ado por el secretario general para el Reto Demogr\u00e1fico, Paco Boya, visitaba la Val d\u2019Aran en una reuni\u00f3n que tuvo lugar en la sede del Conselh Generau d\u2019Aran y donde estuvimos presentes representantes de todos los territorios afectados por el paso de la N-230, donde se presentaron los proyectos enmarcados en la Agenda N-230\u201d, recordaba la s\u00edndica de Aran, a\u00f1adiendo: \u201cdesde entonces, hemos conseguido mejoras hist\u00f3ricas para una N-230 que ha quedado olvidada durante d\u00e9cadas\u201d.<\/p>\n<p>El objeto de este proyecto ser\u00e1 desarrollar las acciones necesarias para mejorar la seguridad vial en este tramo entre la boca norte del t\u00fanel y Vielha, de 6 kil\u00f3metros de longitud, mediante la ampliaci\u00f3n de su plataforma hasta conseguir una calzada de 7 m de anchura con arcenes de 1 m, logrando la m\u00e1xima integraci\u00f3n ambiental. As\u00ed mismo, se estudiar\u00e1 la posibilidad de establecer carriles adicionales de adelantamiento en los tramos que puedan ser aptos.<\/p>\n<p>Cabe recordar que, desde octubre de 2022, se ha anunciado un contrato de servicios para la redacci\u00f3n del proyecto de acondicionamiento de esta v\u00eda con tramos de tres carriles entre Benabarre y Sopeira, se ha licitado el proyecto de mejora del tramo de la boca norte del T\u00fanel a Vielha, se ha hecho p\u00fablica la aprobaci\u00f3n del estudio informativo de acondicionamiento de la v\u00eda en su tramo de Sopeira a la boca sur del T\u00fanel y ha salido a licitaci\u00f3n el proyecto de acondicionamiento del tramo entre la boca norte del t\u00fanel y Vielha.<\/p>\n<p>La s\u00edndica de Aran, Maria Verg\u00e9s, manifestaba su satisfacci\u00f3n por este nuevo avance que \u201cevidencia dos cosas: la importancia de contar con representaci\u00f3n en el gobierno del Estado y su compromiso con esta carretera y con la reclamaci\u00f3n hist\u00f3rica de territorio, que reclama una v\u00eda segura y adaptada a las necesidades de sostenibilidad actuales y futuras\u201d.<\/p>\n ","protected":false},"excerpt":{"rendered":"<p>Con una inversi\u00f3n de 830.000 \u20ac, el Ministerio de Transportes, Movilidad y Agenda Urbana anunci\u00f3 ayer que ha formalizado el contrato de servicios para redactar el proyecto de acondicionamiento de esta v\u00eda en el tramo entre la boca norte del t\u00fanel y Vielha y el estudio de implementaci\u00f3n de carriles adicionales de adelantamiento en caso&#8230;<\/p>\n","protected":false},"author":10,"featured_media":53681,"comment_status":"closed","ping_status":"closed","sticky":false,"template":"","format":"standard","meta":{"footnotes":""},"categories":[34],"tags":[],"_links":{"self":[{"href":"https:\/\/www.conselharan.org\/es\/wp-json\/wp\/v2\/posts\/53680"}],"collection":[{"href":"https:\/\/www.conselharan.org\/es\/wp-json\/wp\/v2\/posts"}],"about":[{"href":"https:\/\/www.conselharan.org\/es\/wp-json\/wp\/v2\/types\/post"}],"author":[{"embeddable":true,"href":"https:\/\/www.conselharan.org\/es\/wp-json\/wp\/v2\/users\/10"}],"replies":[{"embeddable":true,"href":"https:\/\/www.conselharan.org\/es\/wp-json\/wp\/v2\/comments?post=53680"}],"version-history":[{"count":1,"href":"https:\/\/www.conselharan.org\/es\/wp-json\/wp\/v2\/posts\/53680\/revisions"}],"predecessor-version":[{"id":53682,"href":"https:\/\/www.conselharan.org\/es\/wp-json\/wp\/v2\/posts\/53680\/revisions\/53682"}],"wp:featuredmedia":[{"embeddable":true,"href":"https:\/\/www.conselharan.org\/es\/wp-json\/wp\/v2\/media\/53681"}],"wp:attachment":[{"href":"https:\/\/www.conselharan.org\/es\/wp-json\/wp\/v2\/media?parent=53680"}],"wp:term":[{"taxonomy":"category","embeddable":true,"href":"https:\/\/www.conselharan.org\/es\/wp-json\/wp\/v2\/categories?post=53680"},{"taxonomy":"post_tag","embeddable":true,"href":"https:\/\/www.conselharan.org\/es\/wp-json\/wp\/v2\/tags?post=53680"}],"curies":[{"name":"wp","href":"https:\/\/api.w.org\/{rel}","templated":true}]}}