{"id":53759,"date":"2023-07-07T12:16:43","date_gmt":"2023-07-07T10:16:43","guid":{"rendered":"https:\/\/www.conselharan.org\/eth-govern-daran-organize-era-prumera-jornada-dera-energia-renovabla-en-territori\/"},"modified":"2023-07-07T12:17:38","modified_gmt":"2023-07-07T10:17:38","slug":"eth-govern-daran-organize-era-prumera-jornada-dera-energia-renovabla-en-territori","status":"publish","type":"post","link":"https:\/\/www.conselharan.org\/es\/eth-govern-daran-organize-era-prumera-jornada-dera-energia-renovabla-en-territori\/","title":{"rendered":"El gobierno de Aran organiza la primera Jornada de la Energ\u00eda Renovable en el territorio"},"content":{"rendered":"<p><a href=\"https:\/\/www.conselharan.org\/wp-content\/uploads\/2023\/07\/WhatsApp-Image-2023-07-07-at-12.15.41.jpeg\"><img loading=\"lazy\" decoding=\"async\" class=\"aligncenter wp-image-53753 size-large\" src=\"https:\/\/www.conselharan.org\/wp-content\/uploads\/2023\/07\/WhatsApp-Image-2023-07-07-at-12.15.41-1024x723.jpeg\" alt=\"\" width=\"1024\" height=\"723\" srcset=\"https:\/\/www.conselharan.org\/wp-content\/uploads\/2023\/07\/WhatsApp-Image-2023-07-07-at-12.15.41-1024x723.jpeg 1024w, https:\/\/www.conselharan.org\/wp-content\/uploads\/2023\/07\/WhatsApp-Image-2023-07-07-at-12.15.41-300x212.jpeg 300w, https:\/\/www.conselharan.org\/wp-content\/uploads\/2023\/07\/WhatsApp-Image-2023-07-07-at-12.15.41-768x542.jpeg 768w, https:\/\/www.conselharan.org\/wp-content\/uploads\/2023\/07\/WhatsApp-Image-2023-07-07-at-12.15.41-1536x1085.jpeg 1536w, https:\/\/www.conselharan.org\/wp-content\/uploads\/2023\/07\/WhatsApp-Image-2023-07-07-at-12.15.41.jpeg 1600w\" sizes=\"(max-width: 1024px) 100vw, 1024px\" \/><\/a><\/p>\n<h3><\/h3>\n<ul>\n<li>\n<h3><strong>El pr\u00f3ximo 14 de julio, el Conselh Generau d\u2019Aran ha organizado una jornada con actividades l\u00fadicas y divulgativas centradas en transitar hacia un modelo energ\u00e9tico m\u00e1s sostenible y respetuoso con el medio ambiente<\/strong><\/h3>\n<\/li>\n<\/ul>\n<p><strong>El gobierno del Conselh Generau d\u2019Aran<\/strong> se une a la campa\u00f1a promovida por la Generalitat de Catalunya a trav\u00e9s del Instituto Catal\u00e1n de Energ\u00eda (ICAEN) con motivo de la Semana Europea de la Energ\u00eda Sostenible y <strong>organiza, para el 14 de julio, la primera Jornada de la Energ\u00eda Sostenible en Aran<\/strong>.<\/p>\n<p>\u201cDesde la m\u00e1xima instituci\u00f3n aranesa hace a\u00f1os que <strong>apostamos por la implementaci\u00f3n de fuentes de energ\u00eda renovables en nuestro territorio<\/strong> y trabajamos para poder sacar provecho de la <strong>biomasa de nuestras monta\u00f1as<\/strong> para conseguir <strong>energ\u00eda limpia<\/strong> y, al mismo tiempo, <strong>cuidar nuestros bosques<\/strong> y evitar la propagaci\u00f3n de incendios de sexta generaci\u00f3n\u201d, manifestaba la s\u00edndica de Aran, Maria Verg\u00e9s, a\u00f1adiendo que: \u201ctambi\u00e9n tenemos un convenio con el Instituto Cartogr\u00e1fico y Geol\u00f3gico de Catalunya para impulsar un <strong>proyecto de climatizaci\u00f3n urbana de fr\u00edo y calor<\/strong> que pueda dar cobertura a diversos equipamientos y edificios de Vielha por medio de una <strong>hibridaci\u00f3n de energ\u00eda geot\u00e9rmica<\/strong>\u201d.<\/p>\n<p>En esta Jornada de la Energ\u00eda Renovable se llevar\u00e1n a cabo <strong>actividades dirigidas a la infancia<\/strong> como el circuito de <strong>motos el\u00e9ctricas<\/strong> patrocinado por Electric Riders para poner en pr\u00e1ctica la movilidad sostenible o un <strong>juego sobre el funcionamiento de las placas solares<\/strong>, patrocinado por Arantec, entre otras. <strong>\u00a0<\/strong><\/p>\n<p>As\u00ed mismo, habr\u00e1 tambi\u00e9n actividades informativas como la exposici\u00f3n sobre la <strong>rehabilitaci\u00f3n y la certificaci\u00f3n de eficiencia energ\u00e9tica<\/strong>, la sesi\u00f3n \u201c<strong>Divulgaci\u00f3n de comunidades energ\u00e9ticas<\/strong>\u201d o la mesa redonda sobre el <strong>camino hacia la transici\u00f3n energ\u00e9tica<\/strong>. \u00a0Para estas dos \u00faltimas actividades, ser\u00e1 necesario hacer una inscripci\u00f3n previa, confirmando asistencia en el email <a href=\"mailto:s.caubet@aran.org\">s.caubet@aran.org<\/a>.<\/p>\n<p>\u201cEl compromiso de este gobierno es <strong>transitar hacia un modelo energ\u00e9tico m\u00e1s limpio, impulsar las energ\u00edas renovables<\/strong>, disminuir el uso y dependencia de las energ\u00edas f\u00f3siles y contribuir as\u00ed a la eliminaci\u00f3n de la huella de carbono, buscando conseguir <strong>un futuro m\u00e1s sostenible y respetuoso con el medio ambiente<\/strong>\u201d, aseguraba el consejero de Gesti\u00f3n Ambiental y Transici\u00f3n Energ\u00e9tica, Oriol Sala.<\/p>\n ","protected":false},"excerpt":{"rendered":"<p>El pr\u00f3ximo 14 de julio, el Conselh Generau d\u2019Aran ha organizado una jornada con actividades l\u00fadicas y divulgativas centradas en transitar hacia un modelo energ\u00e9tico m\u00e1s sostenible y respetuoso con el medio ambiente El gobierno del Conselh Generau d\u2019Aran se une a la campa\u00f1a promovida por la Generalitat de Catalunya a trav\u00e9s del Instituto Catal\u00e1n&#8230;<\/p>\n","protected":false},"author":10,"featured_media":53755,"comment_status":"closed","ping_status":"closed","sticky":false,"template":"","format":"standard","meta":{"footnotes":""},"categories":[52],"tags":[],"_links":{"self":[{"href":"https:\/\/www.conselharan.org\/es\/wp-json\/wp\/v2\/posts\/53759"}],"collection":[{"href":"https:\/\/www.conselharan.org\/es\/wp-json\/wp\/v2\/posts"}],"about":[{"href":"https:\/\/www.conselharan.org\/es\/wp-json\/wp\/v2\/types\/post"}],"author":[{"embeddable":true,"href":"https:\/\/www.conselharan.org\/es\/wp-json\/wp\/v2\/users\/10"}],"replies":[{"embeddable":true,"href":"https:\/\/www.conselharan.org\/es\/wp-json\/wp\/v2\/comments?post=53759"}],"version-history":[{"count":1,"href":"https:\/\/www.conselharan.org\/es\/wp-json\/wp\/v2\/posts\/53759\/revisions"}],"predecessor-version":[{"id":53760,"href":"https:\/\/www.conselharan.org\/es\/wp-json\/wp\/v2\/posts\/53759\/revisions\/53760"}],"wp:featuredmedia":[{"embeddable":true,"href":"https:\/\/www.conselharan.org\/es\/wp-json\/wp\/v2\/media\/53755"}],"wp:attachment":[{"href":"https:\/\/www.conselharan.org\/es\/wp-json\/wp\/v2\/media?parent=53759"}],"wp:term":[{"taxonomy":"category","embeddable":true,"href":"https:\/\/www.conselharan.org\/es\/wp-json\/wp\/v2\/categories?post=53759"},{"taxonomy":"post_tag","embeddable":true,"href":"https:\/\/www.conselharan.org\/es\/wp-json\/wp\/v2\/tags?post=53759"}],"curies":[{"name":"wp","href":"https:\/\/api.w.org\/{rel}","templated":true}]}}