{"id":53789,"date":"2023-07-11T13:12:46","date_gmt":"2023-07-11T11:12:46","guid":{"rendered":"https:\/\/www.conselharan.org\/aue-entre-en-foncionament-eth-tren-toristic-dera-artiga-de-lin\/"},"modified":"2023-07-11T13:13:35","modified_gmt":"2023-07-11T11:13:35","slug":"aue-entre-en-foncionament-eth-tren-toristic-dera-artiga-de-lin","status":"publish","type":"post","link":"https:\/\/www.conselharan.org\/es\/aue-entre-en-foncionament-eth-tren-toristic-dera-artiga-de-lin\/","title":{"rendered":"Hoy entra en funcionamiento el tren tur\u00edstico de la Artiga de Lin"},"content":{"rendered":"<p><a href=\"https:\/\/www.conselharan.org\/wp-content\/uploads\/2023\/07\/PHOTO-2022-07-21-11-12-51.jpg\"><img loading=\"lazy\" decoding=\"async\" class=\"aligncenter wp-image-53784 size-large\" src=\"https:\/\/www.conselharan.org\/wp-content\/uploads\/2023\/07\/PHOTO-2022-07-21-11-12-51-1024x576.jpg\" alt=\"\" width=\"1024\" height=\"576\" srcset=\"https:\/\/www.conselharan.org\/wp-content\/uploads\/2023\/07\/PHOTO-2022-07-21-11-12-51-1024x576.jpg 1024w, https:\/\/www.conselharan.org\/wp-content\/uploads\/2023\/07\/PHOTO-2022-07-21-11-12-51-300x169.jpg 300w, https:\/\/www.conselharan.org\/wp-content\/uploads\/2023\/07\/PHOTO-2022-07-21-11-12-51-768x432.jpg 768w, https:\/\/www.conselharan.org\/wp-content\/uploads\/2023\/07\/PHOTO-2022-07-21-11-12-51.jpg 1416w\" sizes=\"(max-width: 1024px) 100vw, 1024px\" \/><\/a><\/p>\n<ul>\n<li>\n<h3><strong>Este servicio, que estar\u00e1 activo hasta el 3 de septiembre, permite que las personas de todas las edades y condiciones puedan gozar de este lugar tan emblem\u00e1tico de la Val d\u2019Aran, al mismo tiempo que regula el acceso y reduce la circulaci\u00f3n de veh\u00edculos para acceder.<\/strong><\/h3>\n<\/li>\n<\/ul>\n<p>El Conselh Generau d\u2019Aran ha puesto hoy en funcionamiento el tren tur\u00edstico de la Artiga de Lin hasta el 3 de septiembre.\u00a0 Este a\u00f1o, una vez m\u00e1s, este servicio se ampliar\u00e1 durante el mes de agosto con un tercer veh\u00edculo para evitar aglomeraciones en la zona y acortar los tiempos de espera de los usuarios y usuarias.<\/p>\n<p>La regulaci\u00f3n del acceso motorizado a la ribera del Jo\u00e8u limita el acceso de veh\u00edculos no autorizados en la zona. Por eso, el servicio del tren tur\u00edstico permite que los visitantes de todas las edades y condiciones puedan gozar de este paraje de una forma m\u00e1s sostenible y respetuosa con el medio ambiente.<\/p>\n<p>Para el vices\u00edndico y consejero de Gobernanza, Innovaci\u00f3n, Econom\u00eda y Turismo, Amador Marqu\u00e9s: \u201cesta iniciativa, que cuenta ya con una larga trayectoria, posibilita a cualquier persona poder acceder a un lugar tan emblem\u00e1tico de la Val d\u2019Aran y, tambi\u00e9n, ayuda a regular el acceso a la Artiga en una \u00e9poca de alta afluencia\u201d.<\/p>\n<p>El tren tur\u00edstico funcionar\u00e1 en horario de 10:00 a 17:00 horas (el \u00faltimo trayecto de subida se realizar\u00e1 a las 16:30). Los tickets se podr\u00e1n adquirir en el Centro de Interpretaci\u00f3n de la Artiga de Lin.<\/p>\n<p>El precio del trayecto ser\u00e1 de 2 euros para los adultos, 1 euro para los menores de 11 a\u00f1os y 1 euro para los perros. Los menores de 3 a\u00f1os no necesitan entrada.<\/p>\n ","protected":false},"excerpt":{"rendered":"<p>Este servicio, que estar\u00e1 activo hasta el 3 de septiembre, permite que las personas de todas las edades y condiciones puedan gozar de este lugar tan emblem\u00e1tico de la Val d\u2019Aran, al mismo tiempo que regula el acceso y reduce la circulaci\u00f3n de veh\u00edculos para acceder. El Conselh Generau d\u2019Aran ha puesto hoy en funcionamiento&#8230;<\/p>\n","protected":false},"author":10,"featured_media":53786,"comment_status":"closed","ping_status":"closed","sticky":false,"template":"","format":"standard","meta":{"footnotes":""},"categories":[34],"tags":[],"_links":{"self":[{"href":"https:\/\/www.conselharan.org\/es\/wp-json\/wp\/v2\/posts\/53789"}],"collection":[{"href":"https:\/\/www.conselharan.org\/es\/wp-json\/wp\/v2\/posts"}],"about":[{"href":"https:\/\/www.conselharan.org\/es\/wp-json\/wp\/v2\/types\/post"}],"author":[{"embeddable":true,"href":"https:\/\/www.conselharan.org\/es\/wp-json\/wp\/v2\/users\/10"}],"replies":[{"embeddable":true,"href":"https:\/\/www.conselharan.org\/es\/wp-json\/wp\/v2\/comments?post=53789"}],"version-history":[{"count":1,"href":"https:\/\/www.conselharan.org\/es\/wp-json\/wp\/v2\/posts\/53789\/revisions"}],"predecessor-version":[{"id":53790,"href":"https:\/\/www.conselharan.org\/es\/wp-json\/wp\/v2\/posts\/53789\/revisions\/53790"}],"wp:featuredmedia":[{"embeddable":true,"href":"https:\/\/www.conselharan.org\/es\/wp-json\/wp\/v2\/media\/53786"}],"wp:attachment":[{"href":"https:\/\/www.conselharan.org\/es\/wp-json\/wp\/v2\/media?parent=53789"}],"wp:term":[{"taxonomy":"category","embeddable":true,"href":"https:\/\/www.conselharan.org\/es\/wp-json\/wp\/v2\/categories?post=53789"},{"taxonomy":"post_tag","embeddable":true,"href":"https:\/\/www.conselharan.org\/es\/wp-json\/wp\/v2\/tags?post=53789"}],"curies":[{"name":"wp","href":"https:\/\/api.w.org\/{rel}","templated":true}]}}