{"id":53832,"date":"2023-07-14T13:25:38","date_gmt":"2023-07-14T11:25:38","guid":{"rendered":"https:\/\/www.conselharan.org\/aguesta-dimenjada-comence-era-regulacion-ath-miei-naturau-enes-zones-de-mes-afluencia-dera-val-daran\/"},"modified":"2023-07-14T13:30:04","modified_gmt":"2023-07-14T11:30:04","slug":"aguesta-dimenjada-comence-era-regulacion-ath-miei-naturau-enes-zones-de-mes-afluencia-dera-val-daran","status":"publish","type":"post","link":"https:\/\/www.conselharan.org\/es\/aguesta-dimenjada-comence-era-regulacion-ath-miei-naturau-enes-zones-de-mes-afluencia-dera-val-daran\/","title":{"rendered":"Este fin de semana empieza la regulaci\u00f3n al medio natural en las zonas de m\u00e1s afluencia de la Val d\u2019Aran"},"content":{"rendered":"<p><a href=\"https:\/\/www.conselharan.org\/wp-content\/uploads\/2023\/07\/valdaranphotos__DSC0473-scaled.jpg\"><img loading=\"lazy\" decoding=\"async\" class=\"aligncenter wp-image-53827 size-large\" src=\"https:\/\/www.conselharan.org\/wp-content\/uploads\/2023\/07\/valdaranphotos__DSC0473-1024x683.jpg\" alt=\"\" width=\"1024\" height=\"683\" srcset=\"https:\/\/www.conselharan.org\/wp-content\/uploads\/2023\/07\/valdaranphotos__DSC0473-1024x683.jpg 1024w, https:\/\/www.conselharan.org\/wp-content\/uploads\/2023\/07\/valdaranphotos__DSC0473-300x200.jpg 300w, https:\/\/www.conselharan.org\/wp-content\/uploads\/2023\/07\/valdaranphotos__DSC0473-768x512.jpg 768w, https:\/\/www.conselharan.org\/wp-content\/uploads\/2023\/07\/valdaranphotos__DSC0473-1536x1024.jpg 1536w, https:\/\/www.conselharan.org\/wp-content\/uploads\/2023\/07\/valdaranphotos__DSC0473-2048x1365.jpg 2048w\" sizes=\"(max-width: 1024px) 100vw, 1024px\" \/><\/a><\/p>\n<p><strong>\u00a0<\/strong><\/p>\n<ul>\n<li>\n<h3><strong>Hasta septiembre, el Conselh Generau d\u2019Aran regular\u00e1 el acceso a Varrad\u00f2s, Artiga de Lin, Aiguam\u00f2g, Valarties, Bassa d\u2019Oles y Bassa d\u2019Arres a trav\u00e9s de diversos controles ubicados en los accesos a estos lugares, que limitar\u00e1n el paso seg\u00fan la ocupaci\u00f3n que haya en los aparcamientos para evitar masificaciones<\/strong><\/h3>\n<\/li>\n<\/ul>\n<p>El Conselh Generau d\u2019Aran pone en funcionamiento a partir de ma\u00f1ana, 15 de julio, hasta septiembre, las medidas de regulaci\u00f3n al medio natural en las zonas donde hist\u00f3ricamente se detecta m\u00e1s afluencia durante el verano: Varrad\u00f2s, Artiga de Lin, Aiguam\u00f2g, Valarties, Bassa d\u2019Oles y Bassa d\u2019Arres.<\/p>\n<p>Estas medidas se implantar\u00e1n todos los d\u00edas en los siguientes horarios:<\/p>\n<ul>\n<li>Varrad\u00f2s \u2013 De 10:00 a 17:00 horas hasta el 3 de septiembre.<\/li>\n<li>Artiga de Lin \u2013 De 10:00 a 17:00 horas hasta el 3 de septiembre.<\/li>\n<li>Aiguam\u00f2g \u2013 De 7:30 a 15:30 horas hasta el 10 de septiembre.<\/li>\n<li>Valarties \u2013 De 7:30 a 15:30 horas hasta el 10 de septiembre.<\/li>\n<li>Bassa d\u2019Oles \u2013 De 10:30 a 16:30 horas, a partir del 29 de julio hasta el 3 de septiembre.<\/li>\n<li>Bassa d\u2019Arres \u2013 De 10:30 a 16:30 horas, a partir del 29 de julio hasta el 3 de septiembre.<\/li>\n<\/ul>\n<p>\u201cUn a\u00f1o m\u00e1s, el Conselh Generau d\u2019Aran vuelve a implementar diversas medidas para regular el acceso a las principales \u00e1reas de inter\u00e9s natural en la Val d\u2019Aran para, por un lado, garantizar la seguridad de los usuarios y usuarias de estas pistas y mejorar su experiencia y, por otro, preservar estos entornos naturales y evitar su masificaci\u00f3n\u201d, afirmaba el vices\u00edndico y consejero de Gobernanza, Innovaci\u00f3n, Econom\u00eda y Turismo, Amador Marqu\u00e9s, a\u00f1adiendo que: \u201ccon estas medidas queremos tambi\u00e9n promocionar entre nuestros visitantes otros parajes naturales menos conocidos como alternativa a los puntos m\u00e1s emblem\u00e1ticos y concurridos durante estos meses\u201d.<\/p>\n<p>Esta regulaci\u00f3n se llevar\u00e1 a cabo, como en a\u00f1os anteriores, a trav\u00e9s de diversos controles ubicados en los accesos a estos lugares, que limitar\u00e1n el paso seg\u00fan la ocupaci\u00f3n y plazas libres que haya en los aparcamientos. Un a\u00f1o m\u00e1s, Foment Torisme Val d\u2019Aran brindar\u00e1 informaci\u00f3n a tiempo real del estado de masificaci\u00f3n de estos puntos a trav\u00e9s de la plataforma AparcAran y de la app tur\u00edstica GuidAran.<\/p>\n<p>As\u00ed mismo, en los pr\u00f3ximos d\u00edas se pondr\u00e1n pantallas informativas en diversos puntos de acceso a estas zonas para brindar tambi\u00e9n informaci\u00f3n sobre el estado real de ocupaci\u00f3n.<\/p>\n<p>Esta actuaci\u00f3n se desarrolla en el marco del Plan de Sostenibilidad Tur\u00edstica de la Val d\u2019Aran, que tiene como objetivo mejorar nuestros entornos naturales, la movilidad y la gesti\u00f3n de nuestro territorio a trav\u00e9s de diversas actuaciones centradas en la movilidad sostenible, la regulaci\u00f3n de los accesos, la diversificaci\u00f3n de la oferta tur\u00edstica y la implementaci\u00f3n de las nuevas tecnolog\u00edas para avanzar hacia una destinaci\u00f3n inteligente y sostenible.<\/p>\n ","protected":false},"excerpt":{"rendered":"<p>\u00a0 Hasta septiembre, el Conselh Generau d\u2019Aran regular\u00e1 el acceso a Varrad\u00f2s, Artiga de Lin, Aiguam\u00f2g, Valarties, Bassa d\u2019Oles y Bassa d\u2019Arres a trav\u00e9s de diversos controles ubicados en los accesos a estos lugares, que limitar\u00e1n el paso seg\u00fan la ocupaci\u00f3n que haya en los aparcamientos para evitar masificaciones El Conselh Generau d\u2019Aran pone en&#8230;<\/p>\n","protected":false},"author":10,"featured_media":53829,"comment_status":"closed","ping_status":"closed","sticky":false,"template":"","format":"standard","meta":{"footnotes":""},"categories":[34,137],"tags":[],"_links":{"self":[{"href":"https:\/\/www.conselharan.org\/es\/wp-json\/wp\/v2\/posts\/53832"}],"collection":[{"href":"https:\/\/www.conselharan.org\/es\/wp-json\/wp\/v2\/posts"}],"about":[{"href":"https:\/\/www.conselharan.org\/es\/wp-json\/wp\/v2\/types\/post"}],"author":[{"embeddable":true,"href":"https:\/\/www.conselharan.org\/es\/wp-json\/wp\/v2\/users\/10"}],"replies":[{"embeddable":true,"href":"https:\/\/www.conselharan.org\/es\/wp-json\/wp\/v2\/comments?post=53832"}],"version-history":[{"count":1,"href":"https:\/\/www.conselharan.org\/es\/wp-json\/wp\/v2\/posts\/53832\/revisions"}],"predecessor-version":[{"id":53833,"href":"https:\/\/www.conselharan.org\/es\/wp-json\/wp\/v2\/posts\/53832\/revisions\/53833"}],"wp:featuredmedia":[{"embeddable":true,"href":"https:\/\/www.conselharan.org\/es\/wp-json\/wp\/v2\/media\/53829"}],"wp:attachment":[{"href":"https:\/\/www.conselharan.org\/es\/wp-json\/wp\/v2\/media?parent=53832"}],"wp:term":[{"taxonomy":"category","embeddable":true,"href":"https:\/\/www.conselharan.org\/es\/wp-json\/wp\/v2\/categories?post=53832"},{"taxonomy":"post_tag","embeddable":true,"href":"https:\/\/www.conselharan.org\/es\/wp-json\/wp\/v2\/tags?post=53832"}],"curies":[{"name":"wp","href":"https:\/\/api.w.org\/{rel}","templated":true}]}}