{"id":53863,"date":"2023-07-18T14:19:54","date_gmt":"2023-07-18T12:19:54","guid":{"rendered":"https:\/\/www.conselharan.org\/era-val-daran-supere-es-70-000-seguidors-en-instagram-gracies-as-accions-de-promocion-toristica\/"},"modified":"2023-07-18T14:20:56","modified_gmt":"2023-07-18T12:20:56","slug":"era-val-daran-supere-es-70-000-seguidors-en-instagram-gracies-as-accions-de-promocion-toristica","status":"publish","type":"post","link":"https:\/\/www.conselharan.org\/es\/era-val-daran-supere-es-70-000-seguidors-en-instagram-gracies-as-accions-de-promocion-toristica\/","title":{"rendered":"La Val d\u2019Aran supera los 70.000 seguidores en Instagram gracias a las acciones de promoci\u00f3n tur\u00edstica"},"content":{"rendered":"<p><a href=\"https:\/\/www.conselharan.org\/wp-content\/uploads\/2023\/07\/WhatsApp-Image-2023-07-18-at-14.04.31.jpeg\"><img loading=\"lazy\" decoding=\"async\" class=\"aligncenter wp-image-53858 size-large\" src=\"https:\/\/www.conselharan.org\/wp-content\/uploads\/2023\/07\/WhatsApp-Image-2023-07-18-at-14.04.31-1024x461.jpeg\" alt=\"\" width=\"1024\" height=\"461\" srcset=\"https:\/\/www.conselharan.org\/wp-content\/uploads\/2023\/07\/WhatsApp-Image-2023-07-18-at-14.04.31-1024x461.jpeg 1024w, https:\/\/www.conselharan.org\/wp-content\/uploads\/2023\/07\/WhatsApp-Image-2023-07-18-at-14.04.31-300x135.jpeg 300w, https:\/\/www.conselharan.org\/wp-content\/uploads\/2023\/07\/WhatsApp-Image-2023-07-18-at-14.04.31-768x346.jpeg 768w, https:\/\/www.conselharan.org\/wp-content\/uploads\/2023\/07\/WhatsApp-Image-2023-07-18-at-14.04.31-1536x692.jpeg 1536w, https:\/\/www.conselharan.org\/wp-content\/uploads\/2023\/07\/WhatsApp-Image-2023-07-18-at-14.04.31.jpeg 2016w\" sizes=\"(max-width: 1024px) 100vw, 1024px\" \/><\/a><\/p>\n<ul>\n<li>\n<h3><strong>El departamento de Turismo del Conselh Generau d\u2019Aran ha llevado a cabo durante los \u00faltimos meses una serie de acciones, a nivel nacional e internacional, a trav\u00e9s de medios de comunicaci\u00f3n, Tour Operadores e <em>influencers<\/em><\/strong> <strong>para promocionar la Val d\u2019Aran que han tenido una muy buena repercusi\u00f3n tanto a nivel de redes sociales como de presencia en prensa<\/strong><\/h3>\n<\/li>\n<\/ul>\n<p>Foment Torisme Val d\u2019Aran ha llevado a cabo durante la primavera una serie de acciones promocionales para dar a conocer nuestro territorio, tanto a nivel nacional como internacional.<\/p>\n<p>\u201cEl departamento de Turismo lleva a cabo un gran trabajo de promoci\u00f3n de la Val d\u2019Aran durante todo el a\u00f1o, pero es necesario destacar las acciones llevadas a cabo estos meses de abril, mayo y junio en los que hemos acogido un elevado n\u00famero de visitas de periodistas, Tour Operadores e influencers que han dado a conocer las numerosas actividades de monta\u00f1a que se pueden realizar en nuestro territorio durante la primavera y el verano, nuestros paisajes, cultura y gastronom\u00eda\u201d, explicaba el vices\u00edndico y consejero de Gobernanza, Innovaci\u00f3n, Econom\u00eda y Turismo, Amador Marqu\u00e9s.<\/p>\n<p>En estos meses, se han grabado reportajes para medios de comunicaci\u00f3n como TVE sobre nuestra naturaleza, cultura y gastronom\u00eda, nos han visitado grupos de periodistas alemanes acompa\u00f1ados por miembros de la Oficina Espa\u00f1ola del Turismo (OET) para promocionar la oferta de monta\u00f1a y el encanto de los pueblos araneses en el mercado internacional, y se publicar\u00e1 tambi\u00e9n un reportaje en una relevante revista del Reino Unido sobre la oferta de la bicicleta gravel, entre otros.<\/p>\n<p>En el mes de junio se han acogido dos viajes con Tour Operadores internacionales, uno de ellos con agentes procedentes de pa\u00edses como India, Francia, Polonia o Jap\u00f3n, que vinieron a trav\u00e9s de la Agencia Catalana de Turismo y el Patronado de Turismo de las Tierras de Lleida, especializados en el tipo de cliente premium. El otro Tour Operador que nos ha visitado, estaba especializado en el mercado brit\u00e1nico, con especial inter\u00e9s en los deportes outdoor y nuestra oferta gastron\u00f3mica.<\/p>\n<p>As\u00ed mismo, durante toda la primavera, hemos acogido un elevado n\u00famero de influencers especializados en viajes y en la promoci\u00f3n de las destinaciones tur\u00edsticas, que han aportado un impacto muy positivo en las redes sociales con sus contenidos grabados en la Val d\u2019Aran. Este impacto ha repercutido positivamente en las redes oficiales de la Val d\u2019Aran, superando la cuenta oficial en Instagram de turismo de nuestro territorio los 70.000 seguidores.<\/p>\n<p>Todas estas actuaciones se enmarcan dentro del Plan de Sostenibilidad Tur\u00edstica de la Val d\u2019Aran donde se contempla, dentro de sus l\u00edneas estrat\u00e9gicas para la promoci\u00f3n del destino, la desestacionalizaci\u00f3n a trav\u00e9s de campa\u00f1as con influencers y con mercados internacionales, promoviendo un modelo tur\u00edstico relacionado con la sostenibilidad.<\/p>\n ","protected":false},"excerpt":{"rendered":"<p>El departamento de Turismo del Conselh Generau d\u2019Aran ha llevado a cabo durante los \u00faltimos meses una serie de acciones, a nivel nacional e internacional, a trav\u00e9s de medios de comunicaci\u00f3n, Tour Operadores e influencers para promocionar la Val d\u2019Aran que han tenido una muy buena repercusi\u00f3n tanto a nivel de redes sociales como de&#8230;<\/p>\n","protected":false},"author":10,"featured_media":53860,"comment_status":"closed","ping_status":"closed","sticky":false,"template":"","format":"standard","meta":{"footnotes":""},"categories":[34,137],"tags":[],"_links":{"self":[{"href":"https:\/\/www.conselharan.org\/es\/wp-json\/wp\/v2\/posts\/53863"}],"collection":[{"href":"https:\/\/www.conselharan.org\/es\/wp-json\/wp\/v2\/posts"}],"about":[{"href":"https:\/\/www.conselharan.org\/es\/wp-json\/wp\/v2\/types\/post"}],"author":[{"embeddable":true,"href":"https:\/\/www.conselharan.org\/es\/wp-json\/wp\/v2\/users\/10"}],"replies":[{"embeddable":true,"href":"https:\/\/www.conselharan.org\/es\/wp-json\/wp\/v2\/comments?post=53863"}],"version-history":[{"count":1,"href":"https:\/\/www.conselharan.org\/es\/wp-json\/wp\/v2\/posts\/53863\/revisions"}],"predecessor-version":[{"id":53864,"href":"https:\/\/www.conselharan.org\/es\/wp-json\/wp\/v2\/posts\/53863\/revisions\/53864"}],"wp:featuredmedia":[{"embeddable":true,"href":"https:\/\/www.conselharan.org\/es\/wp-json\/wp\/v2\/media\/53860"}],"wp:attachment":[{"href":"https:\/\/www.conselharan.org\/es\/wp-json\/wp\/v2\/media?parent=53863"}],"wp:term":[{"taxonomy":"category","embeddable":true,"href":"https:\/\/www.conselharan.org\/es\/wp-json\/wp\/v2\/categories?post=53863"},{"taxonomy":"post_tag","embeddable":true,"href":"https:\/\/www.conselharan.org\/es\/wp-json\/wp\/v2\/tags?post=53863"}],"curies":[{"name":"wp","href":"https:\/\/api.w.org\/{rel}","templated":true}]}}