{"id":53878,"date":"2023-07-19T13:45:32","date_gmt":"2023-07-19T11:45:32","guid":{"rendered":"https:\/\/www.conselharan.org\/eth-conselh-generau-daran-met-en-marcha-eth-programa-audeth-de-huec-ta-fomentar-eth-benestar-juvenil-e-era-salut-mentau\/"},"modified":"2023-07-19T13:51:53","modified_gmt":"2023-07-19T11:51:53","slug":"eth-conselh-generau-daran-met-en-marcha-eth-programa-audeth-de-huec-ta-fomentar-eth-benestar-juvenil-e-era-salut-mentau","status":"publish","type":"post","link":"https:\/\/www.conselharan.org\/es\/eth-conselh-generau-daran-met-en-marcha-eth-programa-audeth-de-huec-ta-fomentar-eth-benestar-juvenil-e-era-salut-mentau\/","title":{"rendered":"El Conselh Generau d\u2019Aran pone en marcha el programa \u201cAud\u00e8th de Huec\u201d para fomentar el bienestar juvenil y la salud mental"},"content":{"rendered":"<p><a href=\"https:\/\/www.conselharan.org\/wp-content\/uploads\/2023\/07\/Aud\u00e8th-de-huec_Mesa-de-trabajo-1.png\"><img loading=\"lazy\" decoding=\"async\" class=\"aligncenter wp-image-53873 size-large\" src=\"https:\/\/www.conselharan.org\/wp-content\/uploads\/2023\/07\/Aud\u00e8th-de-huec_Mesa-de-trabajo-1-1024x1024.png\" alt=\"\" width=\"1024\" height=\"1024\" srcset=\"https:\/\/www.conselharan.org\/wp-content\/uploads\/2023\/07\/Aud\u00e8th-de-huec_Mesa-de-trabajo-1-1024x1024.png 1024w, https:\/\/www.conselharan.org\/wp-content\/uploads\/2023\/07\/Aud\u00e8th-de-huec_Mesa-de-trabajo-1-300x300.png 300w, https:\/\/www.conselharan.org\/wp-content\/uploads\/2023\/07\/Aud\u00e8th-de-huec_Mesa-de-trabajo-1-150x150.png 150w, https:\/\/www.conselharan.org\/wp-content\/uploads\/2023\/07\/Aud\u00e8th-de-huec_Mesa-de-trabajo-1-768x768.png 768w, https:\/\/www.conselharan.org\/wp-content\/uploads\/2023\/07\/Aud\u00e8th-de-huec_Mesa-de-trabajo-1-1536x1536.png 1536w, https:\/\/www.conselharan.org\/wp-content\/uploads\/2023\/07\/Aud\u00e8th-de-huec_Mesa-de-trabajo-1-2048x2048.png 2048w, https:\/\/www.conselharan.org\/wp-content\/uploads\/2023\/07\/Aud\u00e8th-de-huec_Mesa-de-trabajo-1-270x270.png 270w, https:\/\/www.conselharan.org\/wp-content\/uploads\/2023\/07\/Aud\u00e8th-de-huec_Mesa-de-trabajo-1-207x207.png 207w, https:\/\/www.conselharan.org\/wp-content\/uploads\/2023\/07\/Aud\u00e8th-de-huec_Mesa-de-trabajo-1-75x75.png 75w\" sizes=\"(max-width: 1024px) 100vw, 1024px\" \/><\/a><\/p>\n<ul>\n<li>\n<h3><strong>Este proyecto de atenci\u00f3n a la juventud est\u00e1 dirigido a las personas de entre 16 y 30 a\u00f1os, especialmente aquellas con problemas de salud mental, que recibir\u00e1n un acompa\u00f1amiento para conseguir una autonom\u00eda personal y una mejora de su calidad de vida, y se les brindar\u00e1n los recursos necesarios adaptados a sus inquietudes, motivaciones e intereses <\/strong><\/h3>\n<\/li>\n<\/ul>\n<p>El Conselh Generau d\u2019Aran, a trav\u00e9s de Servicios Asistenciales Integrados de Aran, ha puesto en funcionamiento el programa \u201cAud\u00e8th de Huec\u201d para fomentar el bienestar y la salud mental de la juventud en nuestro territorio.<\/p>\n<p>\u201cEste programa, que se desarrolla junto con los territorios del Alto Pirineo, busca dar respuesta a las necesidades derivadas del paro juvenil y del abandono prematuro de los estudios, que a menudo est\u00e1 relacionado con un deterioro en la salud mental y f\u00edsica de estos j\u00f3venes, y que tienen probabilidades m\u00e1s altas de sufrir paro de larga duraci\u00f3n, de tener salarios m\u00e1s bajos o condiciones de trabajo precarias, entre otras\u201d, afirmaba la consejera de Juventud, Igualdad e Inclusi\u00f3n Social, Maria Menis.<\/p>\n<p>\u201cPara el gobierno del Conselh Generau d\u2019Aran es prioritario poner en el centro de las pol\u00edticas la atenci\u00f3n a las personas y, por ello, creemos que es muy importante velar por el bienestar y la salud f\u00edsica y mental de nuestra juventud\u201d aseguraba la s\u00edndica de Aran, Maria Verg\u00e9s, a\u00f1adiendo que: \u201cesperamos, con este programa, poderles ofrecer un instrumento de utilidad para conseguir su inserci\u00f3n laboral o la recuperaci\u00f3n de su itinerario formativo y que puedan encontrar un espacio donde interactuar con otros j\u00f3venes, informarse de los recursos y oportunidades del territorio, exponer sus ideas y crear una comunidad\u201d.<\/p>\n<p>En la Val d\u2019Aran, la juventud interesada en este programa recibir\u00e1 \u00a0acompa\u00f1amiento individual a la vez que tendr\u00e1 espacios grupales de encuentro que les permitan tejer una red de apoyo. Esto se har\u00e1 mediante actividades diversas y adaptadas a las inquietudes, motivaciones e intereses de la juventud.<\/p>\n<p>Todas las personas j\u00f3venes de la Val d\u2019Aran que quieran participar en el programa, pueden contactar a trav\u00e9s del correo: <a href=\"mailto:audethdehuec@aransalut.com\">audethdehuec@aransalut.com<\/a>, por medio de WhatsApp al tel\u00e9fono: 6654030713 o presencialmente en el punto de encuentro \u201cEth Nin des Joeni\u201d (Calle Pomar\u00f2la, 12, bajos. Vielha). Las atenciones se hacen habitualmente en el espacio del Punto de Encuentro, pero existe la posibilidad de que el personal se desplace a otro lugar bajo demanda. Tambi\u00e9n pueden enterarse de todas las actividades y novedades del programa a trav\u00e9s del Instagram: @ocelldefoc_altpirineuiaran.<\/p>\n<p>Este es un proyecto que se desarrolla en todo el Alto Pirineo y Aran. Est\u00e1 formado por una entidad gu\u00eda, Alba Juss\u00e0, que es la representante de la agrupaci\u00f3n y coordina las otras entidades centinela que forman parte del grupo, todas ellas impulsoras del proyecto. Estas entidades centinela son la Asociaci\u00f3n Reintegra (Pallars Juss\u00e0 y Soberano), Fundaci\u00f3n antisida Lleida (Alta Ribagor\u00e7a), Fundaci\u00f3n Privada ADIS (Cerda\u00f1a), Fundaci\u00f3n Privada Integra Pirineos (Alt Urgell) y Aran Salud (Val d\u2019Aran). Paralelamente, tambi\u00e9n forman parte del programa las entidades sat\u00e9lites, que tienen la funci\u00f3n de apoyar al proyecto y lo acompa\u00f1an para favorecer el \u00e9xito y la viabilidad.<\/p>\n ","protected":false},"excerpt":{"rendered":"<p>Este proyecto de atenci\u00f3n a la juventud est\u00e1 dirigido a las personas de entre 16 y 30 a\u00f1os, especialmente aquellas con problemas de salud mental, que recibir\u00e1n un acompa\u00f1amiento para conseguir una autonom\u00eda personal y una mejora de su calidad de vida, y se les brindar\u00e1n los recursos necesarios adaptados a sus inquietudes, motivaciones e&#8230;<\/p>\n","protected":false},"author":10,"featured_media":53875,"comment_status":"closed","ping_status":"closed","sticky":false,"template":"","format":"standard","meta":{"footnotes":""},"categories":[34,789,798],"tags":[],"_links":{"self":[{"href":"https:\/\/www.conselharan.org\/es\/wp-json\/wp\/v2\/posts\/53878"}],"collection":[{"href":"https:\/\/www.conselharan.org\/es\/wp-json\/wp\/v2\/posts"}],"about":[{"href":"https:\/\/www.conselharan.org\/es\/wp-json\/wp\/v2\/types\/post"}],"author":[{"embeddable":true,"href":"https:\/\/www.conselharan.org\/es\/wp-json\/wp\/v2\/users\/10"}],"replies":[{"embeddable":true,"href":"https:\/\/www.conselharan.org\/es\/wp-json\/wp\/v2\/comments?post=53878"}],"version-history":[{"count":3,"href":"https:\/\/www.conselharan.org\/es\/wp-json\/wp\/v2\/posts\/53878\/revisions"}],"predecessor-version":[{"id":53884,"href":"https:\/\/www.conselharan.org\/es\/wp-json\/wp\/v2\/posts\/53878\/revisions\/53884"}],"wp:featuredmedia":[{"embeddable":true,"href":"https:\/\/www.conselharan.org\/es\/wp-json\/wp\/v2\/media\/53875"}],"wp:attachment":[{"href":"https:\/\/www.conselharan.org\/es\/wp-json\/wp\/v2\/media?parent=53878"}],"wp:term":[{"taxonomy":"category","embeddable":true,"href":"https:\/\/www.conselharan.org\/es\/wp-json\/wp\/v2\/categories?post=53878"},{"taxonomy":"post_tag","embeddable":true,"href":"https:\/\/www.conselharan.org\/es\/wp-json\/wp\/v2\/tags?post=53878"}],"curies":[{"name":"wp","href":"https:\/\/api.w.org\/{rel}","templated":true}]}}