{"id":53894,"date":"2023-07-20T14:23:20","date_gmt":"2023-07-20T12:23:20","guid":{"rendered":"https:\/\/www.conselharan.org\/eth-conselh-generau-daran-implemente-era-campanha-de-sensibilizacion-camins-compartits\/"},"modified":"2023-07-20T14:25:06","modified_gmt":"2023-07-20T12:25:06","slug":"eth-conselh-generau-daran-implemente-era-campanha-de-sensibilizacion-camins-compartits","status":"publish","type":"post","link":"https:\/\/www.conselharan.org\/es\/eth-conselh-generau-daran-implemente-era-campanha-de-sensibilizacion-camins-compartits\/","title":{"rendered":"El Conselh Generau d\u2019Aran implementa la campa\u00f1a de sensibilizaci\u00f3n \u201cCaminos Compartidos\u201d"},"content":{"rendered":"<p><a href=\"https:\/\/www.conselharan.org\/wp-content\/uploads\/2023\/07\/DSC8816-scaled.jpg\"><img loading=\"lazy\" decoding=\"async\" class=\"aligncenter wp-image-53889 size-large\" src=\"https:\/\/www.conselharan.org\/wp-content\/uploads\/2023\/07\/DSC8816-scaled-e1689855770594-819x1024.jpg\" alt=\"\" width=\"819\" height=\"1024\" srcset=\"https:\/\/www.conselharan.org\/wp-content\/uploads\/2023\/07\/DSC8816-scaled-e1689855770594-819x1024.jpg 819w, https:\/\/www.conselharan.org\/wp-content\/uploads\/2023\/07\/DSC8816-scaled-e1689855770594-240x300.jpg 240w, https:\/\/www.conselharan.org\/wp-content\/uploads\/2023\/07\/DSC8816-scaled-e1689855770594-768x960.jpg 768w, https:\/\/www.conselharan.org\/wp-content\/uploads\/2023\/07\/DSC8816-scaled-e1689855770594-1229x1536.jpg 1229w, https:\/\/www.conselharan.org\/wp-content\/uploads\/2023\/07\/DSC8816-scaled-e1689855770594-1638x2048.jpg 1638w, https:\/\/www.conselharan.org\/wp-content\/uploads\/2023\/07\/DSC8816-scaled-e1689855770594.jpg 2048w\" sizes=\"(max-width: 819px) 100vw, 819px\" \/><\/a><\/p>\n<ul>\n<li>\n<h3><strong>El objetivo principal de esta campa\u00f1a es concienciar sobre la convivencia del ciclismo, en todas sus modalidades, el senderismo y otras actividades con distintos p\u00fablicos en nuestras monta\u00f1as y caminos, para que sean un espacio seguro y amable para todos los p\u00fablicos<\/strong><\/h3>\n<\/li>\n<\/ul>\n<p>El departamento de Turismo del Conselh Generau d\u2019Aran inicia hoy su campa\u00f1a de sensibilizaci\u00f3n \u201cCaminos Compartidos\u201d, para concienciar sobre la convivencia del ciclismo, en todas sus modalidades, el senderismo y otras actividades con distintos p\u00fablicos en nuestras monta\u00f1as y caminos.<\/p>\n<p>\u201cDesde el gobierno de Aran queremos que nuestras monta\u00f1as sean un espacio seguro y amable para todos los p\u00fablicos, donde las distintas actividades que pueden realizarse convivan y haya respeto\u201d aseguraba el vices\u00edndico y consejero de Gobernanza, Innovaci\u00f3n, Econom\u00eda y Turismo, Amador Marqu\u00e9s, a\u00f1adiendo que: \u201cpor este motivo, era para nosotros primordial que el Plan de Sostenibilidad Tur\u00edstica de la Val d\u2019Aran contemplara esta campa\u00f1a de sensibilizaci\u00f3n, que nos tiene que ayudar a crear conciencia en los caminos compartidos\u201d.<\/p>\n<p>La campa\u00f1a, que se inicia hoy con la salida del primer video de \u201cCaminos Compartidos\u201d, donde un gu\u00eda de bicicleta de monta\u00f1a comparte su experiencia e insta a los usuarios y usuarias que practican esta modalidad a reducir la velocidad y estar atentos en aquellos caminos con presencia habitual de senderistas.<\/p>\n<p>As\u00ed mismo, m\u00e1s all\u00e1 de los diferentes videos que se ir\u00e1n compartiendo en redes sociales, se llevar\u00e1 a cabo una se\u00f1alizaci\u00f3n de los caminos pidiendo respeto y convivencia entre las diferentes actividades, se habilitar\u00e1 en la p\u00e1gina web <a href=\"http:\/\/www.visitvaldaran.com\">www.visitvaldaran.com<\/a> un apartado donde brindar toda la informaci\u00f3n sobre este asunto y se llevar\u00e1n a cabo, de manera presencial y telem\u00e1tica, encuestas para conocer los perfiles de los usuarios y estudiar qu\u00e9 acciones se podr\u00edan realizar.<\/p>\n ","protected":false},"excerpt":{"rendered":"<p>El objetivo principal de esta campa\u00f1a es concienciar sobre la convivencia del ciclismo, en todas sus modalidades, el senderismo y otras actividades con distintos p\u00fablicos en nuestras monta\u00f1as y caminos, para que sean un espacio seguro y amable para todos los p\u00fablicos El departamento de Turismo del Conselh Generau d\u2019Aran inicia hoy su campa\u00f1a de&#8230;<\/p>\n","protected":false},"author":10,"featured_media":53891,"comment_status":"closed","ping_status":"closed","sticky":false,"template":"","format":"standard","meta":{"footnotes":""},"categories":[52,137],"tags":[],"_links":{"self":[{"href":"https:\/\/www.conselharan.org\/es\/wp-json\/wp\/v2\/posts\/53894"}],"collection":[{"href":"https:\/\/www.conselharan.org\/es\/wp-json\/wp\/v2\/posts"}],"about":[{"href":"https:\/\/www.conselharan.org\/es\/wp-json\/wp\/v2\/types\/post"}],"author":[{"embeddable":true,"href":"https:\/\/www.conselharan.org\/es\/wp-json\/wp\/v2\/users\/10"}],"replies":[{"embeddable":true,"href":"https:\/\/www.conselharan.org\/es\/wp-json\/wp\/v2\/comments?post=53894"}],"version-history":[{"count":1,"href":"https:\/\/www.conselharan.org\/es\/wp-json\/wp\/v2\/posts\/53894\/revisions"}],"predecessor-version":[{"id":53895,"href":"https:\/\/www.conselharan.org\/es\/wp-json\/wp\/v2\/posts\/53894\/revisions\/53895"}],"wp:featuredmedia":[{"embeddable":true,"href":"https:\/\/www.conselharan.org\/es\/wp-json\/wp\/v2\/media\/53891"}],"wp:attachment":[{"href":"https:\/\/www.conselharan.org\/es\/wp-json\/wp\/v2\/media?parent=53894"}],"wp:term":[{"taxonomy":"category","embeddable":true,"href":"https:\/\/www.conselharan.org\/es\/wp-json\/wp\/v2\/categories?post=53894"},{"taxonomy":"post_tag","embeddable":true,"href":"https:\/\/www.conselharan.org\/es\/wp-json\/wp\/v2\/tags?post=53894"}],"curies":[{"name":"wp","href":"https:\/\/api.w.org\/{rel}","templated":true}]}}