{"id":54206,"date":"2023-09-12T14:39:19","date_gmt":"2023-09-12T12:39:19","guid":{"rendered":"https:\/\/www.conselharan.org\/era-colha-santa-maria-de-mijaran-hestege-es-sons-50-ans\/"},"modified":"2023-09-12T14:40:16","modified_gmt":"2023-09-12T12:40:16","slug":"era-colha-santa-maria-de-mijaran-hestege-es-sons-50-ans","status":"publish","type":"post","link":"https:\/\/www.conselharan.org\/es\/era-colha-santa-maria-de-mijaran-hestege-es-sons-50-ans\/","title":{"rendered":"La C\u00f2lha Santa Maria de Mijaran festeja sus 50 a\u00f1os"},"content":{"rendered":"<p><a href=\"https:\/\/www.conselharan.org\/wp-content\/uploads\/2023\/09\/50-ans-de-c\u00f2lha.jpg\"><img loading=\"lazy\" decoding=\"async\" class=\"aligncenter wp-image-54201 size-large\" src=\"https:\/\/www.conselharan.org\/wp-content\/uploads\/2023\/09\/50-ans-de-c\u00f2lha-724x1024.jpg\" alt=\"\" width=\"724\" height=\"1024\" srcset=\"https:\/\/www.conselharan.org\/wp-content\/uploads\/2023\/09\/50-ans-de-c\u00f2lha-724x1024.jpg 724w, https:\/\/www.conselharan.org\/wp-content\/uploads\/2023\/09\/50-ans-de-c\u00f2lha-212x300.jpg 212w, https:\/\/www.conselharan.org\/wp-content\/uploads\/2023\/09\/50-ans-de-c\u00f2lha-768x1086.jpg 768w, https:\/\/www.conselharan.org\/wp-content\/uploads\/2023\/09\/50-ans-de-c\u00f2lha-1086x1536.jpg 1086w, https:\/\/www.conselharan.org\/wp-content\/uploads\/2023\/09\/50-ans-de-c\u00f2lha-1448x2048.jpg 1448w, https:\/\/www.conselharan.org\/wp-content\/uploads\/2023\/09\/50-ans-de-c\u00f2lha.jpg 1587w\" sizes=\"(max-width: 724px) 100vw, 724px\" \/><\/a><\/p>\n<ul>\n<li>\n<h3><strong>Este fin de semana, los d\u00edas 15 y 16 de septiembre, la C\u00f2lha Santa Maria de Mijaran celebrar\u00e1 sus 50 a\u00f1os con dos actos conmemorativos para poner en valor la aportaci\u00f3n musical y cultural de esta entidad y de todas las personas que han formado parte de ella a lo largo de su historia<\/strong><\/h3>\n<\/li>\n<li>\n<h3><strong>Estos actos han contado con la colaboraci\u00f3n y apoyo del Conselh Generau d\u2019Aran y el Ayuntamiento de Vielha e Mijaran<\/strong><\/h3>\n<\/li>\n<\/ul>\n<p><strong>La C\u00f2lha Santa Maria de Mijaran cumple este a\u00f1o 50 a\u00f1os<\/strong> y lo celebrar\u00e1 este fin de semana, los d\u00edas <strong>15 y 16 de septiembre<\/strong>, con dos actos que han contado con la colaboraci\u00f3n del Conselh Generau d\u2019Aran y del Ayuntamiento de Vielha e Mijaran.<\/p>\n<p>El d\u00eda 15 presentar\u00e1 un <strong>video conmemorativo de su historia<\/strong> que se proyectar\u00e1 a las 19:30 en la sala Era Audiovisuau de Vielha. El video ha sido producido por Jaime Varela con el apoyo de Baqueira Beret.<\/p>\n<p>El 16 de septiembre, a las 19:30 en la Sala Polivalente de Vielha, tendr\u00e1 lugar el <strong>espect\u00e1culo \u201c50 a\u00f1os de C\u00f2lha\u201d<\/strong>, un acto abierto a toda la ciudadan\u00eda y muy especial que recorrer\u00e1 la historia de la C\u00f2lha de Santa Maria de Mijaran y en el que participar\u00e1n personas que han formado parte del grupo a lo largo de todos estos a\u00f1os. Durante el acto actuar\u00e1n tambi\u00e9n los grupos \u201cEs Fradins de Vielha\u201d, \u201cEs Corbilhu\u00e8rs de Les\u201d y \u201cEs Sautar\u00e8ts de Boss\u00f2st\u201d.<\/p>\n ","protected":false},"excerpt":{"rendered":"<p>Este fin de semana, los d\u00edas 15 y 16 de septiembre, la C\u00f2lha Santa Maria de Mijaran celebrar\u00e1 sus 50 a\u00f1os con dos actos conmemorativos para poner en valor la aportaci\u00f3n musical y cultural de esta entidad y de todas las personas que han formado parte de ella a lo largo de su historia Estos&#8230;<\/p>\n","protected":false},"author":10,"featured_media":54203,"comment_status":"closed","ping_status":"closed","sticky":false,"template":"","format":"standard","meta":{"footnotes":""},"categories":[795,34],"tags":[],"_links":{"self":[{"href":"https:\/\/www.conselharan.org\/es\/wp-json\/wp\/v2\/posts\/54206"}],"collection":[{"href":"https:\/\/www.conselharan.org\/es\/wp-json\/wp\/v2\/posts"}],"about":[{"href":"https:\/\/www.conselharan.org\/es\/wp-json\/wp\/v2\/types\/post"}],"author":[{"embeddable":true,"href":"https:\/\/www.conselharan.org\/es\/wp-json\/wp\/v2\/users\/10"}],"replies":[{"embeddable":true,"href":"https:\/\/www.conselharan.org\/es\/wp-json\/wp\/v2\/comments?post=54206"}],"version-history":[{"count":1,"href":"https:\/\/www.conselharan.org\/es\/wp-json\/wp\/v2\/posts\/54206\/revisions"}],"predecessor-version":[{"id":54207,"href":"https:\/\/www.conselharan.org\/es\/wp-json\/wp\/v2\/posts\/54206\/revisions\/54207"}],"wp:featuredmedia":[{"embeddable":true,"href":"https:\/\/www.conselharan.org\/es\/wp-json\/wp\/v2\/media\/54203"}],"wp:attachment":[{"href":"https:\/\/www.conselharan.org\/es\/wp-json\/wp\/v2\/media?parent=54206"}],"wp:term":[{"taxonomy":"category","embeddable":true,"href":"https:\/\/www.conselharan.org\/es\/wp-json\/wp\/v2\/categories?post=54206"},{"taxonomy":"post_tag","embeddable":true,"href":"https:\/\/www.conselharan.org\/es\/wp-json\/wp\/v2\/tags?post=54206"}],"curies":[{"name":"wp","href":"https:\/\/api.w.org\/{rel}","templated":true}]}}