{"id":54406,"date":"2023-09-22T14:35:47","date_gmt":"2023-09-22T12:35:47","guid":{"rendered":"https:\/\/www.conselharan.org\/lum-verda-tara-ampliacion-e-remodelacion-der-espitau-val-daran\/"},"modified":"2023-09-22T14:37:24","modified_gmt":"2023-09-22T12:37:24","slug":"lum-verda-tara-ampliacion-e-remodelacion-der-espitau-val-daran","status":"publish","type":"post","link":"https:\/\/www.conselharan.org\/es\/lum-verda-tara-ampliacion-e-remodelacion-der-espitau-val-daran\/","title":{"rendered":"Luz verde para la ampliaci\u00f3n y remodelaci\u00f3n del Hospital Val d\u2019Aran"},"content":{"rendered":"<p><a href=\"https:\/\/www.conselharan.org\/wp-content\/uploads\/2023\/09\/Plen-CGA-2-scaled.jpg\"><img loading=\"lazy\" decoding=\"async\" class=\"aligncenter wp-image-54395 size-large\" src=\"https:\/\/www.conselharan.org\/wp-content\/uploads\/2023\/09\/Plen-CGA-2-1024x768.jpg\" alt=\"\" width=\"1024\" height=\"768\" srcset=\"https:\/\/www.conselharan.org\/wp-content\/uploads\/2023\/09\/Plen-CGA-2-1024x768.jpg 1024w, https:\/\/www.conselharan.org\/wp-content\/uploads\/2023\/09\/Plen-CGA-2-300x225.jpg 300w, https:\/\/www.conselharan.org\/wp-content\/uploads\/2023\/09\/Plen-CGA-2-768x576.jpg 768w, https:\/\/www.conselharan.org\/wp-content\/uploads\/2023\/09\/Plen-CGA-2-1536x1152.jpg 1536w, https:\/\/www.conselharan.org\/wp-content\/uploads\/2023\/09\/Plen-CGA-2-2048x1536.jpg 2048w\" sizes=\"(max-width: 1024px) 100vw, 1024px\" \/><\/a><\/p>\n<ul>\n<li>\n<h3>El Conselh Generau d\u2019Aran ha aprobado hoy en su Pleno una modificaci\u00f3n de cr\u00e9dito que contempla, entre otras inversiones, una partida de 600.000\u20ac para el proyecto de remodelaci\u00f3n del Hospital que, despu\u00e9s de 38 a\u00f1os, conseguir\u00e1 una mejora muy importante para renovar y ampliar \u00e1reas, as\u00ed como para mejorar el confort tanto de los usuarios como de los profesionales<\/h3>\n<\/li>\n<li>\n<h3>En este Pleno se ha llevado a cabo tambi\u00e9n la toma de posesi\u00f3n de la se\u00f1ora \u00c0ngela Cases Andreu como conselh\u00e8ra del gobierno del Conselh Generau d\u2019Aran<\/h3>\n<\/li>\n<li>\n<h3>As\u00ed mismo, el Pleno ha aprobado el nuevo reglamento de la Comisi\u00f3n Asesora de Patrimonio con los votos a favor del grupo de UA y 2 conselh\u00e8rs de CA y la abstenci\u00f3n de 2 conselh\u00e8rs de CA<\/h3>\n<\/li>\n<\/ul>\n<p>El Pleno del Conselh Generau d\u2019Aran ha aprobado hoy, con los votos a favor de UA y la abstenci\u00f3n de CA, una modificaci\u00f3n de cr\u00e9dito del presupuesto general de la m\u00e1xima instituci\u00f3n aranesa en la que destaca, principalmente, una partida de 600.000\u20ac destinada al proyecto de ampliaci\u00f3n y remodelaci\u00f3n del Hospital Val d\u2019Aran.<\/p>\n<p>\u201cEl mes de marzo de este a\u00f1o consegu\u00edamos el compromiso de la Generalitat para hacer realidad la ampliaci\u00f3n y remodelaci\u00f3n de nuestro Hospital que, por primera vez en 38 a\u00f1os, tendr\u00e1 una mejora muy importante para renovar y ampliar \u00e1reas que han quedado obsoletas\u201d afirmaba la s\u00edndica de Aran, Maria Verg\u00e9s, a\u00f1adiendo que: \u201cest\u00e1 previsto poder iniciar este proyecto en las pr\u00f3ximas semanas\u201d.<\/p>\n<p>El acuerdo prev\u00e9 la ejecuci\u00f3n de las obras entre 2023 y 2028, siendo divididas, en primera instancia, en tres fases: una fase inicial de adecuaci\u00f3n de la plaza entre el Hospital y la residencia Sant Antoni, una primera fase de construcci\u00f3n de un nuevo edificio junto a la residencia donde se situar\u00edan las consultas de atenci\u00f3n primaria y especializada y una \u00faltima fase para remodelar los espacios de urgencias y diagn\u00f3stico por la imagen.<\/p>\n<p>Esta modificaci\u00f3n de cr\u00e9dito contempla tambi\u00e9n una partida para ampliar el servicio de transporte que incluir\u00e1 una l\u00ednea de transporte nocturno para los trabajadores, dando respuesta as\u00ed a una demanda que el sector de la hosteler\u00eda ha hecho llegar al gobierno aran\u00e9s.<\/p>\n<p>En este Pleno se ha llevado a cabo tambi\u00e9n la toma de posesi\u00f3n de la se\u00f1ora \u00c0ngela Cases Andreu como conselh\u00e8ra del gobierno del Conselh Generau d\u2019Aran, despu\u00e9s de que, en el \u00faltimo Pleno, celebrado el pasado m\u00e1s de junio, se presentara la renuncia al cargo de conselh\u00e8r por parte del se\u00f1or Juan Antonio Serrano, escogido para ocupar el cargo de vicepresidente tercero de la Diputaci\u00f3n de Lleida.<\/p>\n<p>As\u00ed mismo, se ha llevado a cabo la aprobaci\u00f3n inicial de la declaraci\u00f3n y catalogaci\u00f3n como Bienes Culturales de Inter\u00e9s Local (BCIL) la Iglesia de Santa Maria de Cap d\u2019Aran de Tred\u00f2s y la Iglesia parroquial de Sant Joan de Les.<\/p>\n<p>En este sentido, se ha aprobado el reglamento de la Comisi\u00f3n Asesora de Patrimonio con los votos a favor de los conselh\u00e8rs\/as del grupo de Unitat d\u2019Aran (UA) y dos conselh\u00e8rs del grupo de Converg\u00e9ncia Aranesa (CA). Los otros dos conselh\u00e8rs de CA se han abstenido en este punto.<\/p>\n ","protected":false},"excerpt":{"rendered":"<p>El Conselh Generau d\u2019Aran ha aprobado hoy en su Pleno una modificaci\u00f3n de cr\u00e9dito que contempla, entre otras inversiones, una partida de 600.000\u20ac para el proyecto de remodelaci\u00f3n del Hospital que, despu\u00e9s de 38 a\u00f1os, conseguir\u00e1 una mejora muy importante para renovar y ampliar \u00e1reas, as\u00ed como para mejorar el confort tanto de los usuarios&#8230;<\/p>\n","protected":false},"author":10,"featured_media":54397,"comment_status":"closed","ping_status":"closed","sticky":false,"template":"","format":"standard","meta":{"footnotes":""},"categories":[52],"tags":[],"_links":{"self":[{"href":"https:\/\/www.conselharan.org\/es\/wp-json\/wp\/v2\/posts\/54406"}],"collection":[{"href":"https:\/\/www.conselharan.org\/es\/wp-json\/wp\/v2\/posts"}],"about":[{"href":"https:\/\/www.conselharan.org\/es\/wp-json\/wp\/v2\/types\/post"}],"author":[{"embeddable":true,"href":"https:\/\/www.conselharan.org\/es\/wp-json\/wp\/v2\/users\/10"}],"replies":[{"embeddable":true,"href":"https:\/\/www.conselharan.org\/es\/wp-json\/wp\/v2\/comments?post=54406"}],"version-history":[{"count":2,"href":"https:\/\/www.conselharan.org\/es\/wp-json\/wp\/v2\/posts\/54406\/revisions"}],"predecessor-version":[{"id":54408,"href":"https:\/\/www.conselharan.org\/es\/wp-json\/wp\/v2\/posts\/54406\/revisions\/54408"}],"wp:featuredmedia":[{"embeddable":true,"href":"https:\/\/www.conselharan.org\/es\/wp-json\/wp\/v2\/media\/54397"}],"wp:attachment":[{"href":"https:\/\/www.conselharan.org\/es\/wp-json\/wp\/v2\/media?parent=54406"}],"wp:term":[{"taxonomy":"category","embeddable":true,"href":"https:\/\/www.conselharan.org\/es\/wp-json\/wp\/v2\/categories?post=54406"},{"taxonomy":"post_tag","embeddable":true,"href":"https:\/\/www.conselharan.org\/es\/wp-json\/wp\/v2\/tags?post=54406"}],"curies":[{"name":"wp","href":"https:\/\/api.w.org\/{rel}","templated":true}]}}