{"id":54444,"date":"2023-09-25T14:25:08","date_gmt":"2023-09-25T12:25:08","guid":{"rendered":"https:\/\/www.conselharan.org\/eth-conselh-generau-daran-dauris-deman-es-preinscripcions-entas-sons-corsi-daranes\/"},"modified":"2023-09-25T14:26:19","modified_gmt":"2023-09-25T12:26:19","slug":"eth-conselh-generau-daran-dauris-deman-es-preinscripcions-entas-sons-corsi-daranes","status":"publish","type":"post","link":"https:\/\/www.conselharan.org\/es\/eth-conselh-generau-daran-dauris-deman-es-preinscripcions-entas-sons-corsi-daranes\/","title":{"rendered":"El Conselh Generau d\u2019Aran abre ma\u00f1ana las preinscripciones para sus cursos de aran\u00e9s"},"content":{"rendered":"<p><a href=\"https:\/\/www.conselharan.org\/wp-content\/uploads\/2023\/09\/Corsi-d\u2019Aran\u00e9s-1.png\"><img loading=\"lazy\" decoding=\"async\" class=\"aligncenter wp-image-54438 size-large\" src=\"https:\/\/www.conselharan.org\/wp-content\/uploads\/2023\/09\/Corsi-d\u2019Aran\u00e9s-1-819x1024.png\" alt=\"\" width=\"819\" height=\"1024\" srcset=\"https:\/\/www.conselharan.org\/wp-content\/uploads\/2023\/09\/Corsi-d\u2019Aran\u00e9s-1-819x1024.png 819w, https:\/\/www.conselharan.org\/wp-content\/uploads\/2023\/09\/Corsi-d\u2019Aran\u00e9s-1-240x300.png 240w, https:\/\/www.conselharan.org\/wp-content\/uploads\/2023\/09\/Corsi-d\u2019Aran\u00e9s-1-768x960.png 768w, https:\/\/www.conselharan.org\/wp-content\/uploads\/2023\/09\/Corsi-d\u2019Aran\u00e9s-1.png 1080w\" sizes=\"(max-width: 819px) 100vw, 819px\" \/><\/a><\/p>\n<ul>\n<li>\n<h3><strong>El gobierno de Aran ofrece estos cursos, adaptados a los diferentes niveles, en diversos horarios y en modalidad presencial y\/o telem\u00e1tica (seg\u00fan el nivel)<\/strong><\/h3>\n<\/li>\n<li>\n<h3><strong>Las preinscripciones podr\u00e1n realizarse a partir de ma\u00f1ana, a las 9 de la ma\u00f1ana, en la web oficial del aran\u00e9s<\/strong><\/h3>\n<\/li>\n<\/ul>\n<p>Ma\u00f1ana, 26 de septiembre a partir de las 09:00h, se abrir\u00e1n las preinscripciones online para los cursos de aran\u00e9s 2023-2024 del Conselh Generau d\u2019Aran, adaptados a los distintos niveles.<\/p>\n<p>\u201cEstas clases de aran\u00e9s representan un instrumento muy importante para mantener viva la lengua, normalizarla y acercarla a las personas reci\u00e9n llegadas o aquellas que quieran ampliar sus conocimientos\u201d, afirma la s\u00edndica de Aran, Maria Verg\u00e9s.<\/p>\n<p>Las personas que quieran se pueden inscribir a partir de ma\u00f1ana a las 09:00, pero recordamos que las plazas son limitadas y por orden de inscripci\u00f3n. Una vez realizada la pre matr\u00edcula, se recibir\u00e1 un correo electr\u00f3nico (entre los d\u00edas 2 y 4 de octubre) en el cual se incluir\u00e1 el n\u00famero de cuenta bancario para realizar el pago de la matr\u00edcula y las clases empezar\u00e1n a partir del 16 de octubre.<\/p>\n<p>Los horarios variar\u00e1n seg\u00fan el nivel:<\/p>\n<ul>\n<li>Nivel A1 (presencial): los jueves de 18:00 a 20:00.<\/li>\n<li>Nivel A2 (online): los martes de 18:00 a 20:00.<\/li>\n<li>Nivel B1 (presencial): los lunes de 19:00 a 21:00.<\/li>\n<li>Nivel B1 (online): los martes de 18:00 a 20:00.<\/li>\n<li>Nivel B2 (presencial y online): los jueves de 18:00 a 20:00.<\/li>\n<li>Nivel C1 (online): los martes de 18:00 a 20:00.<\/li>\n<\/ul>\n<p>El precio general de la matr\u00edcula son 52 euros, para el personal de la administraci\u00f3n el precio es 26 euros , y la matr\u00edcula ser\u00e1 gratis para los estudiantes empadronados en Aran, y las personas en situaci\u00f3n de paro o jubiladas. Para todas las tarifas reducidas ser\u00e1 necesario aportar justificante.<\/p>\n<p>Las pruebas finales se llevar\u00e1n a cabo en primera convocatoria en Vielha y Barcelona en el mes de mayo de 2024, y en segunda convocatoria en Vielha en septiembre de 2024.<\/p>\n<p>Las preinscripciones podr\u00e1n realizarse en: <a href=\"https:\/\/aranes.conselharan.org\/corsi-daranes\/\">https:\/\/aranes.conselharan.org\/corsi-daranes\/<\/a><\/p>\n ","protected":false},"excerpt":{"rendered":"<p>El gobierno de Aran ofrece estos cursos, adaptados a los diferentes niveles, en diversos horarios y en modalidad presencial y\/o telem\u00e1tica (seg\u00fan el nivel) Las preinscripciones podr\u00e1n realizarse a partir de ma\u00f1ana, a las 9 de la ma\u00f1ana, en la web oficial del aran\u00e9s Ma\u00f1ana, 26 de septiembre a partir de las 09:00h, se abrir\u00e1n&#8230;<\/p>\n","protected":false},"author":10,"featured_media":54440,"comment_status":"closed","ping_status":"closed","sticky":false,"template":"","format":"standard","meta":{"footnotes":""},"categories":[795,132,34],"tags":[],"_links":{"self":[{"href":"https:\/\/www.conselharan.org\/es\/wp-json\/wp\/v2\/posts\/54444"}],"collection":[{"href":"https:\/\/www.conselharan.org\/es\/wp-json\/wp\/v2\/posts"}],"about":[{"href":"https:\/\/www.conselharan.org\/es\/wp-json\/wp\/v2\/types\/post"}],"author":[{"embeddable":true,"href":"https:\/\/www.conselharan.org\/es\/wp-json\/wp\/v2\/users\/10"}],"replies":[{"embeddable":true,"href":"https:\/\/www.conselharan.org\/es\/wp-json\/wp\/v2\/comments?post=54444"}],"version-history":[{"count":1,"href":"https:\/\/www.conselharan.org\/es\/wp-json\/wp\/v2\/posts\/54444\/revisions"}],"predecessor-version":[{"id":54445,"href":"https:\/\/www.conselharan.org\/es\/wp-json\/wp\/v2\/posts\/54444\/revisions\/54445"}],"wp:featuredmedia":[{"embeddable":true,"href":"https:\/\/www.conselharan.org\/es\/wp-json\/wp\/v2\/media\/54440"}],"wp:attachment":[{"href":"https:\/\/www.conselharan.org\/es\/wp-json\/wp\/v2\/media?parent=54444"}],"wp:term":[{"taxonomy":"category","embeddable":true,"href":"https:\/\/www.conselharan.org\/es\/wp-json\/wp\/v2\/categories?post=54444"},{"taxonomy":"post_tag","embeddable":true,"href":"https:\/\/www.conselharan.org\/es\/wp-json\/wp\/v2\/tags?post=54444"}],"curies":[{"name":"wp","href":"https:\/\/api.w.org\/{rel}","templated":true}]}}