{"id":54982,"date":"2023-11-17T11:58:37","date_gmt":"2023-11-17T10:58:37","guid":{"rendered":"https:\/\/www.conselharan.org\/era-sindica-daran-recep-ara-conselhera-deducacion-dera-generalitat-de-catalunya\/"},"modified":"2023-11-17T12:02:49","modified_gmt":"2023-11-17T11:02:49","slug":"era-sindica-daran-recep-ara-conselhera-deducacion-dera-generalitat-de-catalunya","status":"publish","type":"post","link":"https:\/\/www.conselharan.org\/es\/era-sindica-daran-recep-ara-conselhera-deducacion-dera-generalitat-de-catalunya\/","title":{"rendered":"La s\u00edndica de Aran recibe a la consellera de Educaci\u00f3n de la Generalitat de Catalunya"},"content":{"rendered":"<p><a href=\"https:\/\/www.conselharan.org\/wp-content\/uploads\/2023\/11\/P1045678-scaled.jpg\"><img loading=\"lazy\" decoding=\"async\" class=\"aligncenter wp-image-54977 size-large\" src=\"https:\/\/www.conselharan.org\/wp-content\/uploads\/2023\/11\/P1045678-1024x768.jpg\" alt=\"\" width=\"1024\" height=\"768\" srcset=\"https:\/\/www.conselharan.org\/wp-content\/uploads\/2023\/11\/P1045678-1024x768.jpg 1024w, https:\/\/www.conselharan.org\/wp-content\/uploads\/2023\/11\/P1045678-300x225.jpg 300w, https:\/\/www.conselharan.org\/wp-content\/uploads\/2023\/11\/P1045678-768x576.jpg 768w, https:\/\/www.conselharan.org\/wp-content\/uploads\/2023\/11\/P1045678-1536x1152.jpg 1536w, https:\/\/www.conselharan.org\/wp-content\/uploads\/2023\/11\/P1045678-2048x1536.jpg 2048w\" sizes=\"(max-width: 1024px) 100vw, 1024px\" \/><\/a><\/p>\n<ul>\n<li>\n<h3><strong>En este encuentro, en el que se han tratado distintos asuntos relacionados con la ense\u00f1anza en la Val d\u2019Aran, la s\u00edndica ha solicitado a la consellera Sim\u00f3 la necesidad de coordinar entre el departamento de Educaci\u00f3n y el Conselh Generau d\u2019Aran todas aquellas cuestiones que tienen a ver con la ense\u00f1anza del aran\u00e9s<\/strong><\/h3>\n<\/li>\n<\/ul>\n<p>La s\u00edndica de Aran, Maria Verg\u00e9s, ha recibido esta ma\u00f1ana a la consellera de Educaci\u00f3n de la Generalitat de Catalunya, Anna Sim\u00f3, con quien han tratado diversos asuntos relacionados con la ense\u00f1anza en la Val d\u2019Aran.<\/p>\n<p>\u201cEn este encuentro, he solicitado a la consellera Sim\u00f3 la necesidad de coordinar entre el departamento de Educaci\u00f3n y el Conselh Generau d\u2019Aran todo aquello que hace referencia a las cuestiones relacionadas con la ense\u00f1anza del aran\u00e9s\u201d, aseguraba la s\u00edndica de Aran, recordando tambi\u00e9n que: \u201ca pesar de que el gobierno de Aran no tiene competencias en este \u00e1mbito, es nuestra voluntad desarrollar acciones que ayuden a la Escuela Aranesa, que entendemos como uno de los pilares fundamentales a de nuestra sociedad, a desarrollarse como elemento de integraci\u00f3n y desarrollo social\u201d.<\/p>\n<p>En este sentido, cabe recordar que en el marco de sus posibilidades, el Conselh Generau d\u2019Aran impuls\u00f3 el a\u00f1o pasado la creaci\u00f3n de la Mesa de Ense\u00f1anza de Aran, para establecer un espacio de coordinaci\u00f3n y participaci\u00f3n para, por un lado, establecer un debate constructivo sobre la ense\u00f1anza en Aran y, por el otro, impulsar acciones que ayuden al desarrollo y consolidaci\u00f3n de la Escuela Aranesa como elemento vertebrador de nuestra sociedad y como motor del proceso de normalizaci\u00f3n ling\u00fc\u00edstica.<\/p>\n ","protected":false},"excerpt":{"rendered":"<p>En este encuentro, en el que se han tratado distintos asuntos relacionados con la ense\u00f1anza en la Val d\u2019Aran, la s\u00edndica ha solicitado a la consellera Sim\u00f3 la necesidad de coordinar entre el departamento de Educaci\u00f3n y el Conselh Generau d\u2019Aran todas aquellas cuestiones que tienen a ver con la ense\u00f1anza del aran\u00e9s La s\u00edndica&#8230;<\/p>\n","protected":false},"author":10,"featured_media":54979,"comment_status":"closed","ping_status":"closed","sticky":false,"template":"","format":"standard","meta":{"footnotes":""},"categories":[52],"tags":[],"_links":{"self":[{"href":"https:\/\/www.conselharan.org\/es\/wp-json\/wp\/v2\/posts\/54982"}],"collection":[{"href":"https:\/\/www.conselharan.org\/es\/wp-json\/wp\/v2\/posts"}],"about":[{"href":"https:\/\/www.conselharan.org\/es\/wp-json\/wp\/v2\/types\/post"}],"author":[{"embeddable":true,"href":"https:\/\/www.conselharan.org\/es\/wp-json\/wp\/v2\/users\/10"}],"replies":[{"embeddable":true,"href":"https:\/\/www.conselharan.org\/es\/wp-json\/wp\/v2\/comments?post=54982"}],"version-history":[{"count":1,"href":"https:\/\/www.conselharan.org\/es\/wp-json\/wp\/v2\/posts\/54982\/revisions"}],"predecessor-version":[{"id":54983,"href":"https:\/\/www.conselharan.org\/es\/wp-json\/wp\/v2\/posts\/54982\/revisions\/54983"}],"wp:featuredmedia":[{"embeddable":true,"href":"https:\/\/www.conselharan.org\/es\/wp-json\/wp\/v2\/media\/54979"}],"wp:attachment":[{"href":"https:\/\/www.conselharan.org\/es\/wp-json\/wp\/v2\/media?parent=54982"}],"wp:term":[{"taxonomy":"category","embeddable":true,"href":"https:\/\/www.conselharan.org\/es\/wp-json\/wp\/v2\/categories?post=54982"},{"taxonomy":"post_tag","embeddable":true,"href":"https:\/\/www.conselharan.org\/es\/wp-json\/wp\/v2\/tags?post=54982"}],"curies":[{"name":"wp","href":"https:\/\/api.w.org\/{rel}","templated":true}]}}