{"id":55038,"date":"2023-11-22T13:57:08","date_gmt":"2023-11-22T12:57:08","guid":{"rendered":"https:\/\/www.conselharan.org\/dubertes-es-inscripcions-entara-44au-marxa-beret\/"},"modified":"2023-11-22T13:58:18","modified_gmt":"2023-11-22T12:58:18","slug":"dubertes-es-inscripcions-entara-44au-marxa-beret","status":"publish","type":"post","link":"https:\/\/www.conselharan.org\/es\/dubertes-es-inscripcions-entara-44au-marxa-beret\/","title":{"rendered":"Abiertas las inscripciones para la 44a Marxa Beret"},"content":{"rendered":"<p><a href=\"https:\/\/www.conselharan.org\/wp-content\/uploads\/2023\/11\/A4-t\u00e0-hilats.png\"><img loading=\"lazy\" decoding=\"async\" class=\"aligncenter wp-image-55033 size-large\" src=\"https:\/\/www.conselharan.org\/wp-content\/uploads\/2023\/11\/A4-t\u00e0-hilats-819x1024.png\" alt=\"\" width=\"819\" height=\"1024\" srcset=\"https:\/\/www.conselharan.org\/wp-content\/uploads\/2023\/11\/A4-t\u00e0-hilats-819x1024.png 819w, https:\/\/www.conselharan.org\/wp-content\/uploads\/2023\/11\/A4-t\u00e0-hilats-240x300.png 240w, https:\/\/www.conselharan.org\/wp-content\/uploads\/2023\/11\/A4-t\u00e0-hilats-768x960.png 768w, https:\/\/www.conselharan.org\/wp-content\/uploads\/2023\/11\/A4-t\u00e0-hilats.png 1080w\" sizes=\"(max-width: 819px) 100vw, 819px\" \/><\/a><\/p>\n<ul>\n<li>\n<h3><strong>La Marxa Beret, que organizan el Conselh Generau d\u2019Aran y Baqueira Beret, es una de las pruebas de esqu\u00ed n\u00f3rdico m\u00e1s consolidadas que se realizan en el territorio nacional y cada a\u00f1o cuenta con cerca de 1.000 participantes de toda Europa<\/strong><\/h3>\n<\/li>\n<li>\n<h3><strong>Las inscripciones se pueden realizar en la p\u00e1gina web oficial de la cursa hasta el 28 de enero y de forma presencial el 3 de febrero<\/strong><\/h3>\n<\/li>\n<\/ul>\n<p>Un a\u00f1o m\u00e1s, se acerca la celebraci\u00f3n de la nueva edici\u00f3n de la Marxa Beret, organizada por el Conselh Generau d\u2019Aran y la estaci\u00f3n Baqueira Beret, que tendr\u00e1 lugar el fin de semana del 2 al 4 de febrero de 2024.<\/p>\n<p>Ya est\u00e1n abiertas oficialmente las inscripciones a trav\u00e9s de la <a href=\"https:\/\/www.marxaberet.com\/inscribirse\/\">p\u00e1gina web de la Marxa Beret<\/a> y los interesados e interesadas podr\u00e1n realizarlas hasta el 28 de enero telem\u00e1ticamente. Adem\u00e1s, el 3 de febrero se podr\u00e1n realizar las inscripciones presenciales en el Centro Polivalente de Vielha.<\/p>\n<p>Cabe recordar que el precio de la inscripci\u00f3n aumentar\u00e1 a medida que se acerque la fecha del evento.<\/p>\n<p>La Marxa Beret es una de las pruebas de esqu\u00ed n\u00f3rdico m\u00e1s consolidadas que se realizan en el territorio nacional y cada a\u00f1o cuenta con cerca de 1.000 participantes de toda Europa.<\/p>\n<p>Esta fiesta del esqu\u00ed de fondo empezar\u00e1 en Beret el s\u00e1bado 3 de febrero con el Campeonato de Espa\u00f1a \u201cSprint\u201d en el Pla de Beret.<\/p>\n<p>El 4 de febrero se realizar\u00e1 la 44a edici\u00f3n de la Marxa Beret en las distancias de 42,21 y 10 km.<\/p>\n<p>Este a\u00f1o, como novedad, la Marxa Beret contar\u00e1 con una nueva prueba, denominada \u201cMini Marxa Beret\u201d, destinada a los m\u00e1s peque\u00f1os y peque\u00f1as y a todas aquellas personas que quieran iniciarse en la pr\u00e1ctica de este deporte.<\/p>\n<p>Los interesados e interesadas pueden encontrar toda la informaci\u00f3n en la <a href=\"https:\/\/www.marxaberet.com\/inscribirse\/\">p\u00e1gina web oficial<\/a> de la cursa.<\/p>\n ","protected":false},"excerpt":{"rendered":"<p>La Marxa Beret, que organizan el Conselh Generau d\u2019Aran y Baqueira Beret, es una de las pruebas de esqu\u00ed n\u00f3rdico m\u00e1s consolidadas que se realizan en el territorio nacional y cada a\u00f1o cuenta con cerca de 1.000 participantes de toda Europa Las inscripciones se pueden realizar en la p\u00e1gina web oficial de la cursa hasta&#8230;<\/p>\n","protected":false},"author":10,"featured_media":55035,"comment_status":"closed","ping_status":"closed","sticky":false,"template":"","format":"standard","meta":{"footnotes":""},"categories":[135],"tags":[],"_links":{"self":[{"href":"https:\/\/www.conselharan.org\/es\/wp-json\/wp\/v2\/posts\/55038"}],"collection":[{"href":"https:\/\/www.conselharan.org\/es\/wp-json\/wp\/v2\/posts"}],"about":[{"href":"https:\/\/www.conselharan.org\/es\/wp-json\/wp\/v2\/types\/post"}],"author":[{"embeddable":true,"href":"https:\/\/www.conselharan.org\/es\/wp-json\/wp\/v2\/users\/10"}],"replies":[{"embeddable":true,"href":"https:\/\/www.conselharan.org\/es\/wp-json\/wp\/v2\/comments?post=55038"}],"version-history":[{"count":1,"href":"https:\/\/www.conselharan.org\/es\/wp-json\/wp\/v2\/posts\/55038\/revisions"}],"predecessor-version":[{"id":55039,"href":"https:\/\/www.conselharan.org\/es\/wp-json\/wp\/v2\/posts\/55038\/revisions\/55039"}],"wp:featuredmedia":[{"embeddable":true,"href":"https:\/\/www.conselharan.org\/es\/wp-json\/wp\/v2\/media\/55035"}],"wp:attachment":[{"href":"https:\/\/www.conselharan.org\/es\/wp-json\/wp\/v2\/media?parent=55038"}],"wp:term":[{"taxonomy":"category","embeddable":true,"href":"https:\/\/www.conselharan.org\/es\/wp-json\/wp\/v2\/categories?post=55038"},{"taxonomy":"post_tag","embeddable":true,"href":"https:\/\/www.conselharan.org\/es\/wp-json\/wp\/v2\/tags?post=55038"}],"curies":[{"name":"wp","href":"https:\/\/api.w.org\/{rel}","templated":true}]}}