{"id":55052,"date":"2023-11-23T14:43:12","date_gmt":"2023-11-23T13:43:12","guid":{"rendered":"https:\/\/www.conselharan.org\/eth-govern-daran-cree-era-taula-entar-abordatge-des-violencies-masclistes-e-lgtbifobiques-dera-val-daran\/"},"modified":"2023-11-23T14:49:38","modified_gmt":"2023-11-23T13:49:38","slug":"eth-govern-daran-cree-era-taula-entar-abordatge-des-violencies-masclistes-e-lgtbifobiques-dera-val-daran","status":"publish","type":"post","link":"https:\/\/www.conselharan.org\/es\/eth-govern-daran-cree-era-taula-entar-abordatge-des-violencies-masclistes-e-lgtbifobiques-dera-val-daran\/","title":{"rendered":"El gobierno de Aran crea la Mesa para el abordaje de las violencias machistas y LGTBIf\u00f3bicas de la Val d\u2019Aran"},"content":{"rendered":"<p><a href=\"https:\/\/www.conselharan.org\/wp-content\/uploads\/2023\/11\/IMG_7119-scaled.jpg\"><img loading=\"lazy\" decoding=\"async\" class=\"aligncenter wp-image-55047 size-large\" src=\"https:\/\/www.conselharan.org\/wp-content\/uploads\/2023\/11\/IMG_7119-1024x768.jpg\" alt=\"\" width=\"1024\" height=\"768\" srcset=\"https:\/\/www.conselharan.org\/wp-content\/uploads\/2023\/11\/IMG_7119-1024x768.jpg 1024w, https:\/\/www.conselharan.org\/wp-content\/uploads\/2023\/11\/IMG_7119-300x225.jpg 300w, https:\/\/www.conselharan.org\/wp-content\/uploads\/2023\/11\/IMG_7119-768x576.jpg 768w, https:\/\/www.conselharan.org\/wp-content\/uploads\/2023\/11\/IMG_7119-1536x1152.jpg 1536w, https:\/\/www.conselharan.org\/wp-content\/uploads\/2023\/11\/IMG_7119-2048x1536.jpg 2048w\" sizes=\"(max-width: 1024px) 100vw, 1024px\" \/><\/a><\/p>\n<ul>\n<li>\n<h3><strong>La creaci\u00f3n de esta Mesa de trabajo responde a la voluntad del gobierno de Aran de consolidar y mejorar los circuitos y protocolos de violencias en el territorio y adaptarlos a una nueva mirada de las violencias machistas y LGTBIf\u00f3bicas basada en la garant\u00eda de los derechos humanos con una perspectiva integral<\/strong><\/h3>\n<\/li>\n<\/ul>\n<p>Esta ma\u00f1ana ha tenido lugar en la sede del Conselh Generau d\u2019Aran la reuni\u00f3n de creaci\u00f3n de la Mesa para el abordaje de las violencias machistas y LGTBIf\u00f3bicas dela Val d\u2019Aran, que ha contado con la presencia de la s\u00edndica de Aran, Maria Verg\u00e9s, la consejera de Juventud, Igualdad e Inclusi\u00f3n Social, Maria Menis, los principales responsables del \u00e1mbito social de los Servicios Asistenciales Integrados de la Val d\u2019Aran, Oficina de Joenessa del Conselh Generau, agentes sociales del territorio y responsables de los Mossos d\u2019Esquadra.<\/p>\n<p>\u201cDesde el gobierno de Aran hemos creado esta mesa de trabajo para el abordaje de las violencias machistas y LGTBIf\u00f3bicas con la pretensi\u00f3n de consolidar y mejorar los circuitos de violencias en el territorio aran\u00e9s\u201d aseguraba la s\u00edndica de Aran, a\u00f1adiendo que: \u201cqueremos adaptar estos circuitos a una nueva mirada de las violencias machistas basada en la garant\u00eda de los derechos humanos con una perspectiva integral\u201d.<\/p>\n<p>La consejera Menis manifestaba que esta mesa: \u201cest\u00e1 pensada para convertirse en un \u00f3rgano de trabajo resolutivo y capaz de tomar decisiones entorno a la coordinaci\u00f3n y el trabajo en red del circuito, manteniendo una mirada interseccional contando con personas expertas en diferentes \u00e1mbitos de las distintas instituciones del territorio para no dejar a ninguna mujer o persona perteneciente al colectivo detr\u00e1s\u201d.<\/p>\n<p>Esta Mesa desarrollar\u00e1 trabajos de diagn\u00f3stico de la estructura, funcionamiento y enfoque de los circuitos, de las respuestas generadas en situaciones de violencias, promover\u00e1 la implicaci\u00f3n del conjunto de los agentes del circuito y actualizar\u00e1 el protocolo de abordaje de las violencias machistas y LGTBIf\u00f3bicas en Aran, tanto en el \u00e1mbito de las urgencias como en prevenci\u00f3n, atenci\u00f3n y reparaci\u00f3n individual y comunitaria.<\/p>\n ","protected":false},"excerpt":{"rendered":"<p>La creaci\u00f3n de esta Mesa de trabajo responde a la voluntad del gobierno de Aran de consolidar y mejorar los circuitos y protocolos de violencias en el territorio y adaptarlos a una nueva mirada de las violencias machistas y LGTBIf\u00f3bicas basada en la garant\u00eda de los derechos humanos con una perspectiva integral Esta ma\u00f1ana ha&#8230;<\/p>\n","protected":false},"author":10,"featured_media":55049,"comment_status":"closed","ping_status":"closed","sticky":false,"template":"","format":"standard","meta":{"footnotes":""},"categories":[52],"tags":[],"_links":{"self":[{"href":"https:\/\/www.conselharan.org\/es\/wp-json\/wp\/v2\/posts\/55052"}],"collection":[{"href":"https:\/\/www.conselharan.org\/es\/wp-json\/wp\/v2\/posts"}],"about":[{"href":"https:\/\/www.conselharan.org\/es\/wp-json\/wp\/v2\/types\/post"}],"author":[{"embeddable":true,"href":"https:\/\/www.conselharan.org\/es\/wp-json\/wp\/v2\/users\/10"}],"replies":[{"embeddable":true,"href":"https:\/\/www.conselharan.org\/es\/wp-json\/wp\/v2\/comments?post=55052"}],"version-history":[{"count":2,"href":"https:\/\/www.conselharan.org\/es\/wp-json\/wp\/v2\/posts\/55052\/revisions"}],"predecessor-version":[{"id":55058,"href":"https:\/\/www.conselharan.org\/es\/wp-json\/wp\/v2\/posts\/55052\/revisions\/55058"}],"wp:featuredmedia":[{"embeddable":true,"href":"https:\/\/www.conselharan.org\/es\/wp-json\/wp\/v2\/media\/55049"}],"wp:attachment":[{"href":"https:\/\/www.conselharan.org\/es\/wp-json\/wp\/v2\/media?parent=55052"}],"wp:term":[{"taxonomy":"category","embeddable":true,"href":"https:\/\/www.conselharan.org\/es\/wp-json\/wp\/v2\/categories?post=55052"},{"taxonomy":"post_tag","embeddable":true,"href":"https:\/\/www.conselharan.org\/es\/wp-json\/wp\/v2\/tags?post=55052"}],"curies":[{"name":"wp","href":"https:\/\/api.w.org\/{rel}","templated":true}]}}