{"id":55072,"date":"2023-11-24T14:36:00","date_gmt":"2023-11-24T13:36:00","guid":{"rendered":"https:\/\/www.conselharan.org\/eth-govern-daran-inicie-es-sondegi-entara-implementacion-dera-geotermia-en-territori\/"},"modified":"2023-11-24T14:37:22","modified_gmt":"2023-11-24T13:37:22","slug":"eth-govern-daran-inicie-es-sondegi-entara-implementacion-dera-geotermia-en-territori","status":"publish","type":"post","link":"https:\/\/www.conselharan.org\/es\/eth-govern-daran-inicie-es-sondegi-entara-implementacion-dera-geotermia-en-territori\/","title":{"rendered":"El gobierno de Aran inicia los sondeos para la implementaci\u00f3n de la geotermia en el territorio"},"content":{"rendered":"\n\t\t<style type=\"text\/css\">\n\t\t\t#gallery-1 {\n\t\t\t\tmargin: auto;\n\t\t\t}\n\t\t\t#gallery-1 .gallery-item {\n\t\t\t\tfloat: left;\n\t\t\t\tmargin-top: 10px;\n\t\t\t\ttext-align: center;\n\t\t\t\twidth: 50%;\n\t\t\t}\n\t\t\t#gallery-1 img {\n\t\t\t\tborder: 2px solid #cfcfcf;\n\t\t\t}\n\t\t\t#gallery-1 .gallery-caption {\n\t\t\t\tmargin-left: 0;\n\t\t\t}\n\t\t\t\/* see gallery_shortcode() in wp-includes\/media.php *\/\n\t\t<\/style>\n\t\t<div id='gallery-1' class='gallery galleryid-55072 gallery-columns-2 gallery-size-large'><dl class='gallery-item'>\n\t\t\t<dt class='gallery-icon portrait'>\n\t\t\t\t<a href='https:\/\/www.conselharan.org\/es\/eth-govern-daran-inicie-es-sondegi-entara-implementacion-dera-geotermia-en-territori\/whatsapp-image-2023-11-24-at-13-03-35-2\/'><img loading=\"lazy\" decoding=\"async\" width=\"768\" height=\"1024\" src=\"https:\/\/www.conselharan.org\/wp-content\/uploads\/2023\/11\/WhatsApp-Image-2023-11-24-at-13.03.35-768x1024.jpeg\" class=\"attachment-large size-large\" alt=\"\" srcset=\"https:\/\/www.conselharan.org\/wp-content\/uploads\/2023\/11\/WhatsApp-Image-2023-11-24-at-13.03.35-768x1024.jpeg 768w, https:\/\/www.conselharan.org\/wp-content\/uploads\/2023\/11\/WhatsApp-Image-2023-11-24-at-13.03.35-225x300.jpeg 225w, https:\/\/www.conselharan.org\/wp-content\/uploads\/2023\/11\/WhatsApp-Image-2023-11-24-at-13.03.35-1152x1536.jpeg 1152w, https:\/\/www.conselharan.org\/wp-content\/uploads\/2023\/11\/WhatsApp-Image-2023-11-24-at-13.03.35-1536x2048.jpeg 1536w, https:\/\/www.conselharan.org\/wp-content\/uploads\/2023\/11\/WhatsApp-Image-2023-11-24-at-13.03.35-scaled.jpeg 1920w\" sizes=\"(max-width: 768px) 100vw, 768px\" \/><\/a>\n\t\t\t<\/dt><\/dl><dl class='gallery-item'>\n\t\t\t<dt class='gallery-icon portrait'>\n\t\t\t\t<a href='https:\/\/www.conselharan.org\/es\/eth-govern-daran-inicie-es-sondegi-entara-implementacion-dera-geotermia-en-territori\/whatsapp-image-2023-11-24-at-13-03-34-2\/'><img loading=\"lazy\" decoding=\"async\" width=\"768\" height=\"1024\" src=\"https:\/\/www.conselharan.org\/wp-content\/uploads\/2023\/11\/WhatsApp-Image-2023-11-24-at-13.03.34-768x1024.jpeg\" class=\"attachment-large size-large\" alt=\"\" srcset=\"https:\/\/www.conselharan.org\/wp-content\/uploads\/2023\/11\/WhatsApp-Image-2023-11-24-at-13.03.34-768x1024.jpeg 768w, https:\/\/www.conselharan.org\/wp-content\/uploads\/2023\/11\/WhatsApp-Image-2023-11-24-at-13.03.34-225x300.jpeg 225w, https:\/\/www.conselharan.org\/wp-content\/uploads\/2023\/11\/WhatsApp-Image-2023-11-24-at-13.03.34-1152x1536.jpeg 1152w, https:\/\/www.conselharan.org\/wp-content\/uploads\/2023\/11\/WhatsApp-Image-2023-11-24-at-13.03.34-1536x2048.jpeg 1536w, https:\/\/www.conselharan.org\/wp-content\/uploads\/2023\/11\/WhatsApp-Image-2023-11-24-at-13.03.34-scaled.jpeg 1920w\" sizes=\"(max-width: 768px) 100vw, 768px\" \/><\/a>\n\t\t\t<\/dt><\/dl><br style=\"clear: both\" \/>\n\t\t<\/div>\n\n<ul>\n<li>\n<h3><strong>Despu\u00e9s de los estudios pertinentes, ya se ha iniciado la fase de exploraci\u00f3n del proyecto de impulso de la geotermia, con la realizaci\u00f3n de dos tipos de sondeos para llevar a cabo una monitorizaci\u00f3n a trav\u00e9s de la instalaci\u00f3n de sensores para caracterizar el potencial geot\u00e9rmico, sensores de temperatura para ver la evoluci\u00f3n del terreno y piez\u00f3metros para estudiar la evoluci\u00f3n del nivel del agua<\/strong><\/h3>\n<\/li>\n<li>\n<h3><strong>El Conselh Generau d\u2019Aran impulsa la implementaci\u00f3n de este tipo de energ\u00edas renovables junto con el ICGC y el Ayuntamiento de Vielha e Mijaran con quienes ha establecido un acuerdo de colaboraci\u00f3n <\/strong><\/h3>\n<\/li>\n<li>\n<h3><strong>El principal objetivo del gobierno de Aran es avanzar hacia un futuro m\u00e1s sostenible y eficiente energ\u00e9ticamente a trav\u00e9s de la energ\u00eda limpia de Km 0 que nos brindar\u00edan la geotermia, la biomasa y la energ\u00eda solar<\/strong><\/h3>\n<\/li>\n<\/ul>\n<p>El Conselh Generau d\u2019Aran ha empezado ya su proyecto de impulso de la geotermia, una fase que consiste en la realizaci\u00f3n de dos tipos de sondeo: uno de intercambiadores geot\u00e9rmicos y otro de exploraci\u00f3n con recuperaci\u00f3n de testigo.<\/p>\n<p>\u201cMediante estos sondeos podremos conocer cu\u00e1l es el tipo de roca y de terreno sobre el que trabajamos y, posteriormente, se realizar\u00e1 una monitorizaci\u00f3n a trav\u00e9s de la instalaci\u00f3n de sensores para caracterizar el potencial geot\u00e9rmico, sensores de temperatura para ver la evoluci\u00f3n del terreno y piez\u00f3metros para estudiar la evoluci\u00f3n del nivel del agua\u201d, explicaba el consejero de Gesti\u00f3n Ambiental y Transici\u00f3n Energ\u00e9tica, Oriol Sala.<\/p>\n<p>La s\u00edndica de Aran, Maria Verg\u00e9s, apuntaba que: \u201cel impulso de las energ\u00edas renovables es vital para nuestro territorio y el gobierno del Conselh Generau d\u2019Aran ya empez\u00f3 a trabajar en ello en la pasada legislatura y esperamos poder irlas implementando a lo largo de estos cuatro a\u00f1os\u201d y a\u00f1ad\u00eda que: \u201csiendo conscientes del potencial de nuestro territorio, las energ\u00edas renovables que planteamos son la geotermia, la biomasa y la energ\u00eda solar, para poder abastecer a Aran de una energ\u00eda limpia y de kil\u00f3metro 0 que nos permita avanzar hacia un futuro m\u00e1s sostenible y eficiente energ\u00e9ticamente\u201d.<\/p>\n<p>En este sentido, cabe recordar que el Conselh Generau d\u2019Aran cuenta con un convenio de colaboraci\u00f3n con el Instituto Cartogr\u00e1fico y Geol\u00f3gico de Catalunya (ICGC) para el impulso de la geotermia en la Val d\u2019Aran y otro con el Ayuntamiento de Vielha e Mijaran para la valoraci\u00f3n de la viabilidad t\u00e9cnico-econ\u00f3mica del proyecto de la red de climatizaci\u00f3n urbana 100% renovable en Vielha y para la promoci\u00f3n de las energ\u00edas renovables en el territorio.<\/p>\n<p>\u201cEl objetivo del gobierno de Aran con estos dos convenios es intentar hacer un estudio previo y elaborar el anteproyecto de una red de calor con energ\u00edas renovables que pueda servir para abastecer al Palacio de Hielo, el Palacio de Deportes, la Escuela Garona, el Instituto de Aran y un edificio privado, al menos en la fase de proyecto\u201d, explicaba el consejero Sala, agradeciendo \u201ctanto al ICGC como al Ayuntamiento de Vielha e Mijaran su colaboraci\u00f3n para llevar a cabo este proyecto\u201d.<\/p>\n<p>Una vez finalizada la fase de exploraci\u00f3n, se pasar\u00eda al siguiente paso, consistente en un estudio de alternativas en el cual, a partir de las necesidades identificadas en los edificios, se pueda obtener qu\u00e9 cantidad de demanda se podr\u00eda cubrir con cada tipolog\u00eda de energ\u00eda renovable (geotermia, biomasa y energ\u00eda solar), con el objetivo principal de conseguir sustituir las calefacciones actuales basadas en combustibles f\u00f3siles con una red 100% renovable.<\/p>\n<p>Es importante destacar tambi\u00e9n que la informaci\u00f3n obtenida de estos sondeos y que ser\u00e1 extrapolable para casi todo el pueblo de Vielha, ser\u00e1 p\u00fablica y se podr\u00e1 consultar de manera gratuita una vez finalizadas las intervenciones.<\/p>\n ","protected":false},"excerpt":{"rendered":"<p>Despu\u00e9s de los estudios pertinentes, ya se ha iniciado la fase de exploraci\u00f3n del proyecto de impulso de la geotermia, con la realizaci\u00f3n de dos tipos de sondeos para llevar a cabo una monitorizaci\u00f3n a trav\u00e9s de la instalaci\u00f3n de sensores para caracterizar el potencial geot\u00e9rmico, sensores de temperatura para ver la evoluci\u00f3n del terreno&#8230;<\/p>\n","protected":false},"author":10,"featured_media":55069,"comment_status":"closed","ping_status":"closed","sticky":false,"template":"","format":"standard","meta":{"footnotes":""},"categories":[52],"tags":[],"_links":{"self":[{"href":"https:\/\/www.conselharan.org\/es\/wp-json\/wp\/v2\/posts\/55072"}],"collection":[{"href":"https:\/\/www.conselharan.org\/es\/wp-json\/wp\/v2\/posts"}],"about":[{"href":"https:\/\/www.conselharan.org\/es\/wp-json\/wp\/v2\/types\/post"}],"author":[{"embeddable":true,"href":"https:\/\/www.conselharan.org\/es\/wp-json\/wp\/v2\/users\/10"}],"replies":[{"embeddable":true,"href":"https:\/\/www.conselharan.org\/es\/wp-json\/wp\/v2\/comments?post=55072"}],"version-history":[{"count":1,"href":"https:\/\/www.conselharan.org\/es\/wp-json\/wp\/v2\/posts\/55072\/revisions"}],"predecessor-version":[{"id":55073,"href":"https:\/\/www.conselharan.org\/es\/wp-json\/wp\/v2\/posts\/55072\/revisions\/55073"}],"wp:featuredmedia":[{"embeddable":true,"href":"https:\/\/www.conselharan.org\/es\/wp-json\/wp\/v2\/media\/55069"}],"wp:attachment":[{"href":"https:\/\/www.conselharan.org\/es\/wp-json\/wp\/v2\/media?parent=55072"}],"wp:term":[{"taxonomy":"category","embeddable":true,"href":"https:\/\/www.conselharan.org\/es\/wp-json\/wp\/v2\/categories?post=55072"},{"taxonomy":"post_tag","embeddable":true,"href":"https:\/\/www.conselharan.org\/es\/wp-json\/wp\/v2\/tags?post=55072"}],"curies":[{"name":"wp","href":"https:\/\/api.w.org\/{rel}","templated":true}]}}