{"id":55100,"date":"2023-11-27T18:18:04","date_gmt":"2023-11-27T17:18:04","guid":{"rendered":"https:\/\/www.conselharan.org\/auancen-es-trabalhs-deth-govern-aranes-ena-elaboracion-deth-plan-dabitatge-daran\/"},"modified":"2023-11-27T18:19:05","modified_gmt":"2023-11-27T17:19:05","slug":"auancen-es-trabalhs-deth-govern-aranes-ena-elaboracion-deth-plan-dabitatge-daran","status":"publish","type":"post","link":"https:\/\/www.conselharan.org\/es\/auancen-es-trabalhs-deth-govern-aranes-ena-elaboracion-deth-plan-dabitatge-daran\/","title":{"rendered":"Avanzan los trabajos del gobierno aran\u00e9s en la elaboraci\u00f3n del Plan de Vivienda de Aran"},"content":{"rendered":"<p><a href=\"https:\/\/www.conselharan.org\/wp-content\/uploads\/2023\/11\/WhatsApp-Image-2023-11-27-at-18.16.38.jpeg\"><img loading=\"lazy\" decoding=\"async\" class=\"aligncenter wp-image-55095 size-large\" src=\"https:\/\/www.conselharan.org\/wp-content\/uploads\/2023\/11\/WhatsApp-Image-2023-11-27-at-18.16.38-1024x768.jpeg\" alt=\"\" width=\"1024\" height=\"768\" srcset=\"https:\/\/www.conselharan.org\/wp-content\/uploads\/2023\/11\/WhatsApp-Image-2023-11-27-at-18.16.38-1024x768.jpeg 1024w, https:\/\/www.conselharan.org\/wp-content\/uploads\/2023\/11\/WhatsApp-Image-2023-11-27-at-18.16.38-300x225.jpeg 300w, https:\/\/www.conselharan.org\/wp-content\/uploads\/2023\/11\/WhatsApp-Image-2023-11-27-at-18.16.38-768x576.jpeg 768w, https:\/\/www.conselharan.org\/wp-content\/uploads\/2023\/11\/WhatsApp-Image-2023-11-27-at-18.16.38-1536x1152.jpeg 1536w, https:\/\/www.conselharan.org\/wp-content\/uploads\/2023\/11\/WhatsApp-Image-2023-11-27-at-18.16.38.jpeg 1600w\" sizes=\"(max-width: 1024px) 100vw, 1024px\" \/><\/a><\/p>\n<ul>\n<li>\n<h3><strong>A lo largo del d\u00eda de hoy, la s\u00edndica de Aran y el consejero de Vivienda y Agenda Urbana, han mantenido una reuni\u00f3n con el equipo t\u00e9cnico del Conselh Generau d\u2019Aran y otra con los Ayuntamientos araneses para compartir los resultados del proceso de participaci\u00f3n ciudadana y las entrevistas con los Ayuntamientos que participan en este Plan, exponer las propuestas y definir cu\u00e1l tiene que ser la estructura del Plan de Vivienda de la Val d\u2019Aran<\/strong><\/h3>\n<\/li>\n<\/ul>\n<p>Durante el d\u00eda de hoy, la s\u00edndica de Aran, Maria Verg\u00e9s, y el consejero de Vivienda y Agenda Urbana, Andreu Cort\u00e9s, han mantenido una sesi\u00f3n con el equipo t\u00e9cnico del Conselh Generau d\u2019Aran y una reuni\u00f3n de trabajo con los Ayuntamientos araneses que forman parte del Plan de Vivienda de la Val d\u2019Aran, impulsado por el gobierno de Aran.<\/p>\n<p>\u201cDesde el gobierno de Aran somos conscientes de que la vivienda es una cuesti\u00f3n que reclama soluciones urgentes en nuestro territorio por la falta de vivienda asequible que atravesamos y estamos comprometidos a hacer todo lo que est\u00e9 en nuestra mano para ofrecer alternativas que nos permitan mejorar la grave situaci\u00f3n actual\u201d aseguraba la s\u00edndica de Aran, a\u00f1adiendo que: \u201cpara ello, resulta indispensable que el Conselh Generau d\u2019Aran pueda conseguir m\u00e1s competencias, dotadas como es debido, en este \u00e1mbito que nos permitan ir m\u00e1s all\u00e1 de lo que ahora podemos, sin olvidar que, tal como marca el art\u00edculo 137 del Estatuto de Autonom\u00eda de Catalunya, la competencia exclusiva en materia de vivienda corresponde a la Generalitat\u201d.<\/p>\n<p>A trav\u00e9s de este Plan, el gobierno del Conselh Generau d\u2019Aran lleva a cabo un triple trabajo: un an\u00e1lisis de la situaci\u00f3n, identificando de manera cualitativa y cuantitativa las principales problem\u00e1ticas y potencialidades; un diagn\u00f3stico compartido de la situaci\u00f3n actual en el territorio y en cada municipio, tanto en relaci\u00f3n con las problem\u00e1ticas como en relaci\u00f3n a las actuaciones que se llevan a cabo actualmente; y una definici\u00f3n de las pol\u00edticas de vivienda que se pueden desarrollar desde el Conselh Generau d\u2019Aran.<\/p>\n<p>\u201cDespu\u00e9s del trabajo realizado durante los \u00faltimos meses a trav\u00e9s del proceso de participaci\u00f3n ciudadana y las entrevistas y encuestas con los Ayuntamientos que participan en este Plan, hoy hemos compartido en estas dos reuniones los resultados obtenidos en el estudio previo, se han expuesto las propuestas y se ha definido cu\u00e1l debe ser la estructura del Plan de Vivienda de Aran\u201d, explicaba el consejero Cort\u00e9s, a\u00f1adiendo que: \u201cla voluntad del gobierno aran\u00e9s es elaborar un plan donde podamos incluir a todos los agentes y que sea lo m\u00e1s transversal posible\u201d.<\/p>\n<p>Este Plan de Vivienda cuenta con la participaci\u00f3n de todos los Ayuntamientos araneses excepto del de Naut Aran, que ha declinado participar en \u00e9l, y se trabaja de forma transversal con distintos departamentos del Conselh Generau d\u2019Aran como los servicios t\u00e9cnicos, la Oficina Local de Vivienda, los Servicios Asistenciales Integrados o la Oficina de Juventud, entre otros.<\/p>\n ","protected":false},"excerpt":{"rendered":"<p>A lo largo del d\u00eda de hoy, la s\u00edndica de Aran y el consejero de Vivienda y Agenda Urbana, han mantenido una reuni\u00f3n con el equipo t\u00e9cnico del Conselh Generau d\u2019Aran y otra con los Ayuntamientos araneses para compartir los resultados del proceso de participaci\u00f3n ciudadana y las entrevistas con los Ayuntamientos que participan en&#8230;<\/p>\n","protected":false},"author":10,"featured_media":55097,"comment_status":"closed","ping_status":"closed","sticky":false,"template":"","format":"standard","meta":{"footnotes":""},"categories":[52],"tags":[],"_links":{"self":[{"href":"https:\/\/www.conselharan.org\/es\/wp-json\/wp\/v2\/posts\/55100"}],"collection":[{"href":"https:\/\/www.conselharan.org\/es\/wp-json\/wp\/v2\/posts"}],"about":[{"href":"https:\/\/www.conselharan.org\/es\/wp-json\/wp\/v2\/types\/post"}],"author":[{"embeddable":true,"href":"https:\/\/www.conselharan.org\/es\/wp-json\/wp\/v2\/users\/10"}],"replies":[{"embeddable":true,"href":"https:\/\/www.conselharan.org\/es\/wp-json\/wp\/v2\/comments?post=55100"}],"version-history":[{"count":1,"href":"https:\/\/www.conselharan.org\/es\/wp-json\/wp\/v2\/posts\/55100\/revisions"}],"predecessor-version":[{"id":55101,"href":"https:\/\/www.conselharan.org\/es\/wp-json\/wp\/v2\/posts\/55100\/revisions\/55101"}],"wp:featuredmedia":[{"embeddable":true,"href":"https:\/\/www.conselharan.org\/es\/wp-json\/wp\/v2\/media\/55097"}],"wp:attachment":[{"href":"https:\/\/www.conselharan.org\/es\/wp-json\/wp\/v2\/media?parent=55100"}],"wp:term":[{"taxonomy":"category","embeddable":true,"href":"https:\/\/www.conselharan.org\/es\/wp-json\/wp\/v2\/categories?post=55100"},{"taxonomy":"post_tag","embeddable":true,"href":"https:\/\/www.conselharan.org\/es\/wp-json\/wp\/v2\/tags?post=55100"}],"curies":[{"name":"wp","href":"https:\/\/api.w.org\/{rel}","templated":true}]}}