{"id":55131,"date":"2023-11-30T18:19:37","date_gmt":"2023-11-30T17:19:37","guid":{"rendered":"https:\/\/www.conselharan.org\/?p=55131"},"modified":"2023-12-01T11:28:51","modified_gmt":"2023-12-01T10:28:51","slug":"era-sindica-daran-samasse-damb-era-secretaria-generau-de-salut-dera-generalitat","status":"publish","type":"post","link":"https:\/\/www.conselharan.org\/es\/era-sindica-daran-samasse-damb-era-secretaria-generau-de-salut-dera-generalitat\/","title":{"rendered":"Era sindica d\u2019Aran s\u2019amasse damb era secret\u00e0ria generau de Salut dera Generalitat"},"content":{"rendered":"<p><strong><a href=\"https:\/\/www.conselharan.org\/wp-content\/uploads\/2023\/11\/Imagen-de-WhatsApp-2023-11-30-a-las-11.21.10_b8847576-scaled.jpg\"><img loading=\"lazy\" decoding=\"async\" class=\"alignnone size-full wp-image-55132\" src=\"https:\/\/www.conselharan.org\/wp-content\/uploads\/2023\/11\/Imagen-de-WhatsApp-2023-11-30-a-las-11.21.10_b8847576-scaled.jpg\" alt=\"\" width=\"2560\" height=\"1920\" srcset=\"https:\/\/www.conselharan.org\/wp-content\/uploads\/2023\/11\/Imagen-de-WhatsApp-2023-11-30-a-las-11.21.10_b8847576-scaled.jpg 2560w, https:\/\/www.conselharan.org\/wp-content\/uploads\/2023\/11\/Imagen-de-WhatsApp-2023-11-30-a-las-11.21.10_b8847576-300x225.jpg 300w, https:\/\/www.conselharan.org\/wp-content\/uploads\/2023\/11\/Imagen-de-WhatsApp-2023-11-30-a-las-11.21.10_b8847576-1024x768.jpg 1024w, https:\/\/www.conselharan.org\/wp-content\/uploads\/2023\/11\/Imagen-de-WhatsApp-2023-11-30-a-las-11.21.10_b8847576-768x576.jpg 768w, https:\/\/www.conselharan.org\/wp-content\/uploads\/2023\/11\/Imagen-de-WhatsApp-2023-11-30-a-las-11.21.10_b8847576-1536x1152.jpg 1536w, https:\/\/www.conselharan.org\/wp-content\/uploads\/2023\/11\/Imagen-de-WhatsApp-2023-11-30-a-las-11.21.10_b8847576-2048x1536.jpg 2048w\" sizes=\"(max-width: 2560px) 100vw, 2560px\" \/><\/a><\/strong><\/p>\n<ul>\n<li>\n<h3><strong>Pendent era amassada s\u2019an tractat ah\u00e8rs relacionadi damb era dificultat ent\u00e0 curbir determinades places de professionaus sanitaris en territ\u00f2ri e es possibles accions ent\u00e0 solucionar aguesta problem\u00e1tica<\/strong><\/h3>\n<\/li>\n<\/ul>\n<p>Aguest maitin era sindica d\u2019Aran, Maria Verg\u00e9s, s\u2019a amassat damb era secret\u00e0ria generau de Salut dera Generalitat, Merc\u00e8 Salvat qu\u2019a visitat eth Conselh Generau d\u2019Aran damb ua delegacion deth departament de Salut.<\/p>\n<p>En aguesta trobada ena que tanben an participat es responsables deth Servici Aran\u00e9s de Ben\u00e8ster e Salut e Aran Salut atau coma representants dera region sanit\u00e0ria deth Naut Piren\u00e8u e deth departament de Salut, s\u2019a tractat sus era problematica ena cobertura de professionaus en territ\u00f2ri d\u2019Aran e deth Piren\u00e8u en generau.<\/p>\n<p>Atau madeish, es representants deth departament de Salut an presentat eth \u201cPlan d\u2019ocupacion de l\u00f2cs de dificila cobertura\u201d que preten trobar solucions ad aguesta q\u00fcestion que condicione eth foncionament deth sist\u00e8ma sanitari.<\/p>\n<p>En aguest sens, era sindica d\u2019Aran a manifestat que \u201claguens deth marc d\u2019autonomia qu\u2019a era Val d\u2019Aran ara ora d\u2019establir es sues aliances estrategiques damb diu\u00e8rsi centres sanitaris, coma ei eth cas der Hospital del Mar, mantiem ua comunciacion dir\u00e8cta e constanta damb eth departament de Salut que, coma ei aguest cas, mos permet trabalhar conjuntament en ua problematica coma aguesta, era dera manca de professionaus de determinades especialitats, que compartim damb era r\u00e8sta deth Piren\u00e8u e que condicione f\u00f2r\u00e7a poder aufrir es servicis qu\u2019era ciutadania a de besonh\u201d.<\/p>\n<p>Era sindica d\u2019Aran a volut arregra\u00efr era visita dera secret\u00e0ria generau de Salut damb qui s\u2019an empla\u00e7at, a trau\u00e8s dera region sanit\u00e0ria, a seguir trabalhant ent\u00e0 coordinar esf\u00f2rci e consolidar eth sist\u00e8ma sanitari aran\u00e9s.<\/p>\n ","protected":false},"excerpt":{"rendered":"<p>Pendent era amassada s\u2019an tractat ah\u00e8rs relacionadi damb era dificultat ent\u00e0 curbir determinades places de professionaus sanitaris en territ\u00f2ri e es possibles accions ent\u00e0 solucionar aguesta problem\u00e1tica Aguest maitin era sindica d\u2019Aran, Maria Verg\u00e9s, s\u2019a amassat damb era secret\u00e0ria generau de Salut dera Generalitat, Merc\u00e8 Salvat qu\u2019a visitat eth Conselh Generau d\u2019Aran damb ua delegacion&#8230;<\/p>\n","protected":false},"author":10,"featured_media":55132,"comment_status":"closed","ping_status":"closed","sticky":false,"template":"","format":"standard","meta":{"footnotes":""},"categories":[51],"tags":[],"_links":{"self":[{"href":"https:\/\/www.conselharan.org\/es\/wp-json\/wp\/v2\/posts\/55131"}],"collection":[{"href":"https:\/\/www.conselharan.org\/es\/wp-json\/wp\/v2\/posts"}],"about":[{"href":"https:\/\/www.conselharan.org\/es\/wp-json\/wp\/v2\/types\/post"}],"author":[{"embeddable":true,"href":"https:\/\/www.conselharan.org\/es\/wp-json\/wp\/v2\/users\/10"}],"replies":[{"embeddable":true,"href":"https:\/\/www.conselharan.org\/es\/wp-json\/wp\/v2\/comments?post=55131"}],"version-history":[{"count":2,"href":"https:\/\/www.conselharan.org\/es\/wp-json\/wp\/v2\/posts\/55131\/revisions"}],"predecessor-version":[{"id":55150,"href":"https:\/\/www.conselharan.org\/es\/wp-json\/wp\/v2\/posts\/55131\/revisions\/55150"}],"wp:featuredmedia":[{"embeddable":true,"href":"https:\/\/www.conselharan.org\/es\/wp-json\/wp\/v2\/media\/55132"}],"wp:attachment":[{"href":"https:\/\/www.conselharan.org\/es\/wp-json\/wp\/v2\/media?parent=55131"}],"wp:term":[{"taxonomy":"category","embeddable":true,"href":"https:\/\/www.conselharan.org\/es\/wp-json\/wp\/v2\/categories?post=55131"},{"taxonomy":"post_tag","embeddable":true,"href":"https:\/\/www.conselharan.org\/es\/wp-json\/wp\/v2\/tags?post=55131"}],"curies":[{"name":"wp","href":"https:\/\/api.w.org\/{rel}","templated":true}]}}