{"id":55145,"date":"2023-12-01T11:25:55","date_gmt":"2023-12-01T10:25:55","guid":{"rendered":"https:\/\/www.conselharan.org\/es-pompiers-daran-celebraran-santa-barbara-eth-propleu-deluns\/"},"modified":"2023-12-01T11:26:37","modified_gmt":"2023-12-01T10:26:37","slug":"es-pompiers-daran-celebraran-santa-barbara-eth-propleu-deluns","status":"publish","type":"post","link":"https:\/\/www.conselharan.org\/es\/es-pompiers-daran-celebraran-santa-barbara-eth-propleu-deluns\/","title":{"rendered":"Los Pompi\u00e8rs d\u2019Aran celebrar\u00e1n Santa Barbara el pr\u00f3ximo lunes"},"content":{"rendered":"<p><a href=\"https:\/\/www.conselharan.org\/wp-content\/uploads\/2023\/12\/WhatsApp-Image-2023-12-01-at-11.25.01.jpeg\"><img loading=\"lazy\" decoding=\"async\" class=\"aligncenter wp-image-55140 size-large\" src=\"https:\/\/www.conselharan.org\/wp-content\/uploads\/2023\/12\/WhatsApp-Image-2023-12-01-at-11.25.01-1024x692.jpeg\" alt=\"\" width=\"1024\" height=\"692\" srcset=\"https:\/\/www.conselharan.org\/wp-content\/uploads\/2023\/12\/WhatsApp-Image-2023-12-01-at-11.25.01-1024x692.jpeg 1024w, https:\/\/www.conselharan.org\/wp-content\/uploads\/2023\/12\/WhatsApp-Image-2023-12-01-at-11.25.01-300x203.jpeg 300w, https:\/\/www.conselharan.org\/wp-content\/uploads\/2023\/12\/WhatsApp-Image-2023-12-01-at-11.25.01-768x519.jpeg 768w, https:\/\/www.conselharan.org\/wp-content\/uploads\/2023\/12\/WhatsApp-Image-2023-12-01-at-11.25.01-1536x1039.jpeg 1536w, https:\/\/www.conselharan.org\/wp-content\/uploads\/2023\/12\/WhatsApp-Image-2023-12-01-at-11.25.01.jpeg 1600w\" sizes=\"(max-width: 1024px) 100vw, 1024px\" \/><\/a><\/p>\n<ul>\n<li>\n<h3><strong>Como ya es tradicional cada 4 de diciembre, el Conselh Generau d\u2019Aran organiza una jornada conmemorativa para poner en valor el servicio a la comunidad que presta el cuerpo de los Pompi\u00e8rs d\u2019Aran en nuestro territorio<\/strong><\/h3>\n<\/li>\n<\/ul>\n<p>Un a\u00f1o m\u00e1s, el pr\u00f3ximo lunes 4 de diciembre, tendr\u00e1 lugar la celebraci\u00f3n de Santa Barbara, patrona de los Pompi\u00e8rs, con una jornada conmemorativa organizada por el Conselh Generau d\u2019Aran para poner en valor el servicio a la comunidad que presta el cuerpo de Pompi\u00e8rs d\u2019Aran en nuestro territorio.<\/p>\n<p>Este a\u00f1o, esta celebraci\u00f3n es parte del inicio de una nueva etapa, ya que desde el 1 de enero de 2023, el departamento de emergencias del gobierno de Aran empez\u00f3 a funcionar de forma aut\u00f3noma, gestionando la emergencia de forma transversal en la Val d\u2019Aran.<\/p>\n<p>El acto es abierto a la ciudadan\u00eda, pero se pide confirmar asistencia a trav\u00e9s del mail <a href=\"mailto:administracion@pompiers.es\">administracion@pompiers.es<\/a> o del tel\u00e9fono 973 64 06 04.<\/p>\n ","protected":false},"excerpt":{"rendered":"<p>Como ya es tradicional cada 4 de diciembre, el Conselh Generau d\u2019Aran organiza una jornada conmemorativa para poner en valor el servicio a la comunidad que presta el cuerpo de los Pompi\u00e8rs d\u2019Aran en nuestro territorio Un a\u00f1o m\u00e1s, el pr\u00f3ximo lunes 4 de diciembre, tendr\u00e1 lugar la celebraci\u00f3n de Santa Barbara, patrona de los&#8230;<\/p>\n","protected":false},"author":10,"featured_media":55142,"comment_status":"closed","ping_status":"closed","sticky":false,"template":"","format":"standard","meta":{"footnotes":""},"categories":[34],"tags":[],"_links":{"self":[{"href":"https:\/\/www.conselharan.org\/es\/wp-json\/wp\/v2\/posts\/55145"}],"collection":[{"href":"https:\/\/www.conselharan.org\/es\/wp-json\/wp\/v2\/posts"}],"about":[{"href":"https:\/\/www.conselharan.org\/es\/wp-json\/wp\/v2\/types\/post"}],"author":[{"embeddable":true,"href":"https:\/\/www.conselharan.org\/es\/wp-json\/wp\/v2\/users\/10"}],"replies":[{"embeddable":true,"href":"https:\/\/www.conselharan.org\/es\/wp-json\/wp\/v2\/comments?post=55145"}],"version-history":[{"count":1,"href":"https:\/\/www.conselharan.org\/es\/wp-json\/wp\/v2\/posts\/55145\/revisions"}],"predecessor-version":[{"id":55146,"href":"https:\/\/www.conselharan.org\/es\/wp-json\/wp\/v2\/posts\/55145\/revisions\/55146"}],"wp:featuredmedia":[{"embeddable":true,"href":"https:\/\/www.conselharan.org\/es\/wp-json\/wp\/v2\/media\/55142"}],"wp:attachment":[{"href":"https:\/\/www.conselharan.org\/es\/wp-json\/wp\/v2\/media?parent=55145"}],"wp:term":[{"taxonomy":"category","embeddable":true,"href":"https:\/\/www.conselharan.org\/es\/wp-json\/wp\/v2\/categories?post=55145"},{"taxonomy":"post_tag","embeddable":true,"href":"https:\/\/www.conselharan.org\/es\/wp-json\/wp\/v2\/tags?post=55145"}],"curies":[{"name":"wp","href":"https:\/\/api.w.org\/{rel}","templated":true}]}}