{"id":55434,"date":"2023-12-29T08:00:24","date_gmt":"2023-12-29T07:00:24","guid":{"rendered":"https:\/\/www.conselharan.org\/?p=55434"},"modified":"2023-12-27T14:37:18","modified_gmt":"2023-12-27T13:37:18","slug":"eth-govern-daran-impulse-un-projecte-pilot-de-biodigestors-de-materia-organica","status":"publish","type":"post","link":"https:\/\/www.conselharan.org\/es\/eth-govern-daran-impulse-un-projecte-pilot-de-biodigestors-de-materia-organica\/","title":{"rendered":"El gobierno de Aran impulsa un proyecto piloto de biodigestores de materia org\u00e1nica"},"content":{"rendered":"\n\t\t<style type=\"text\/css\">\n\t\t\t#gallery-1 {\n\t\t\t\tmargin: auto;\n\t\t\t}\n\t\t\t#gallery-1 .gallery-item {\n\t\t\t\tfloat: left;\n\t\t\t\tmargin-top: 10px;\n\t\t\t\ttext-align: center;\n\t\t\t\twidth: 50%;\n\t\t\t}\n\t\t\t#gallery-1 img {\n\t\t\t\tborder: 2px solid #cfcfcf;\n\t\t\t}\n\t\t\t#gallery-1 .gallery-caption {\n\t\t\t\tmargin-left: 0;\n\t\t\t}\n\t\t\t\/* see gallery_shortcode() in wp-includes\/media.php *\/\n\t\t<\/style>\n\t\t<div id='gallery-1' class='gallery galleryid-55434 gallery-columns-2 gallery-size-large'><dl class='gallery-item'>\n\t\t\t<dt class='gallery-icon landscape'>\n\t\t\t\t<a href='https:\/\/www.conselharan.org\/es\/eth-govern-daran-impulse-un-projecte-pilot-de-biodigestors-de-materia-organica\/whatsapp-image-2023-12-19-at-22-48-45-2\/'><img loading=\"lazy\" decoding=\"async\" width=\"1024\" height=\"768\" src=\"https:\/\/www.conselharan.org\/wp-content\/uploads\/2023\/12\/WhatsApp-Image-2023-12-19-at-22.48.45-1024x768.jpeg\" class=\"attachment-large size-large\" alt=\"\" srcset=\"https:\/\/www.conselharan.org\/wp-content\/uploads\/2023\/12\/WhatsApp-Image-2023-12-19-at-22.48.45-1024x768.jpeg 1024w, https:\/\/www.conselharan.org\/wp-content\/uploads\/2023\/12\/WhatsApp-Image-2023-12-19-at-22.48.45-300x225.jpeg 300w, https:\/\/www.conselharan.org\/wp-content\/uploads\/2023\/12\/WhatsApp-Image-2023-12-19-at-22.48.45-768x576.jpeg 768w, https:\/\/www.conselharan.org\/wp-content\/uploads\/2023\/12\/WhatsApp-Image-2023-12-19-at-22.48.45-1536x1152.jpeg 1536w, https:\/\/www.conselharan.org\/wp-content\/uploads\/2023\/12\/WhatsApp-Image-2023-12-19-at-22.48.45.jpeg 2048w\" sizes=\"(max-width: 1024px) 100vw, 1024px\" \/><\/a>\n\t\t\t<\/dt><\/dl><dl class='gallery-item'>\n\t\t\t<dt class='gallery-icon landscape'>\n\t\t\t\t<a href='https:\/\/www.conselharan.org\/es\/eth-govern-daran-impulse-un-projecte-pilot-de-biodigestors-de-materia-organica\/whatsapp-image-2023-12-19-at-22-48-44-2\/'><img loading=\"lazy\" decoding=\"async\" width=\"1024\" height=\"768\" src=\"https:\/\/www.conselharan.org\/wp-content\/uploads\/2023\/12\/WhatsApp-Image-2023-12-19-at-22.48.44-1024x768.jpeg\" class=\"attachment-large size-large\" alt=\"\" srcset=\"https:\/\/www.conselharan.org\/wp-content\/uploads\/2023\/12\/WhatsApp-Image-2023-12-19-at-22.48.44-1024x768.jpeg 1024w, https:\/\/www.conselharan.org\/wp-content\/uploads\/2023\/12\/WhatsApp-Image-2023-12-19-at-22.48.44-300x225.jpeg 300w, https:\/\/www.conselharan.org\/wp-content\/uploads\/2023\/12\/WhatsApp-Image-2023-12-19-at-22.48.44-768x576.jpeg 768w, https:\/\/www.conselharan.org\/wp-content\/uploads\/2023\/12\/WhatsApp-Image-2023-12-19-at-22.48.44-1536x1152.jpeg 1536w, https:\/\/www.conselharan.org\/wp-content\/uploads\/2023\/12\/WhatsApp-Image-2023-12-19-at-22.48.44.jpeg 2048w\" sizes=\"(max-width: 1024px) 100vw, 1024px\" \/><\/a>\n\t\t\t<\/dt><\/dl><br style=\"clear: both\" \/>\n\t\t<\/div>\n\n<ul>\n<li>\n<h3><strong>Con esta prueba piloto, el Conselh Generau d\u2019Aran instalar\u00e1 en las escuelas de Boss\u00f2st y Vielha compostadoras el\u00e9ctricas que permiten compostar los restos org\u00e1nicos en veinticuatro horas y llevar\u00e1 a cabo tambi\u00e9n una campa\u00f1a de formaciones y acciones de concienciaci\u00f3n para fomentar la recogida selectiva y, muy especialmente, la correcta separaci\u00f3n de los residuos org\u00e1nicos<\/strong><\/h3>\n<\/li>\n<\/ul>\n<p>El gobierno del Conselh Generau d\u2019Aran impulsa una prueba piloto de implementaci\u00f3n de biodigestores de materia org\u00e1nica en dos centros educativos de la Val d\u2019Aran, concretamente la Escuela Sant R\u00f2c de Boss\u00f2st y la Escuela Garona de Vielha.<\/p>\n<p>\u201cCon este proyecto adecuaremos los espacios donde tienen que ir instalados estos biodigestores, que son una especie de compostadoras el\u00e9ctricas que permiten compostar los restos org\u00e1nicos en veinticuatro horas, y llevaremos tambi\u00e9n a cabo una campa\u00f1a de formaci\u00f3n y acciones de concienciaci\u00f3n para fomentar la recogida selectiva y, muy especialmente, la correcta separaci\u00f3n de la materia org\u00e1nica\u201d, apuntaba el consejero de Gesti\u00f3n Ambiental y Transici\u00f3n Energ\u00e9tica, Oriol Sala, a\u00f1adiendo que: \u201ca trav\u00e9s de acciones como esta, el gobierno de Aran quiere intentar mejorar los datos de generaci\u00f3n de residuos, para avanzar hacia un futuro m\u00e1s verde y sostenible\u201d.<\/p>\n<p>Este proyecto se lleva a cabo con el apoyo de la Agencia Catalana de Residuos, que ha otorgado al gobierno de Aran una ayuda de m\u00e1s de 300.000 \u20ac.<\/p>\n ","protected":false},"excerpt":{"rendered":"<p>Con esta prueba piloto, el Conselh Generau d\u2019Aran instalar\u00e1 en las escuelas de Boss\u00f2st y Vielha compostadoras el\u00e9ctricas que permiten compostar los restos org\u00e1nicos en veinticuatro horas y llevar\u00e1 a cabo tambi\u00e9n una campa\u00f1a de formaciones y acciones de concienciaci\u00f3n para fomentar la recogida selectiva y, muy especialmente, la correcta separaci\u00f3n de los residuos org\u00e1nicos&#8230;<\/p>\n","protected":false},"author":10,"featured_media":55431,"comment_status":"closed","ping_status":"closed","sticky":false,"template":"","format":"standard","meta":{"footnotes":""},"categories":[52],"tags":[],"_links":{"self":[{"href":"https:\/\/www.conselharan.org\/es\/wp-json\/wp\/v2\/posts\/55434"}],"collection":[{"href":"https:\/\/www.conselharan.org\/es\/wp-json\/wp\/v2\/posts"}],"about":[{"href":"https:\/\/www.conselharan.org\/es\/wp-json\/wp\/v2\/types\/post"}],"author":[{"embeddable":true,"href":"https:\/\/www.conselharan.org\/es\/wp-json\/wp\/v2\/users\/10"}],"replies":[{"embeddable":true,"href":"https:\/\/www.conselharan.org\/es\/wp-json\/wp\/v2\/comments?post=55434"}],"version-history":[{"count":1,"href":"https:\/\/www.conselharan.org\/es\/wp-json\/wp\/v2\/posts\/55434\/revisions"}],"predecessor-version":[{"id":55435,"href":"https:\/\/www.conselharan.org\/es\/wp-json\/wp\/v2\/posts\/55434\/revisions\/55435"}],"wp:featuredmedia":[{"embeddable":true,"href":"https:\/\/www.conselharan.org\/es\/wp-json\/wp\/v2\/media\/55431"}],"wp:attachment":[{"href":"https:\/\/www.conselharan.org\/es\/wp-json\/wp\/v2\/media?parent=55434"}],"wp:term":[{"taxonomy":"category","embeddable":true,"href":"https:\/\/www.conselharan.org\/es\/wp-json\/wp\/v2\/categories?post=55434"},{"taxonomy":"post_tag","embeddable":true,"href":"https:\/\/www.conselharan.org\/es\/wp-json\/wp\/v2\/tags?post=55434"}],"curies":[{"name":"wp","href":"https:\/\/api.w.org\/{rel}","templated":true}]}}