{"id":55517,"date":"2024-01-09T11:30:48","date_gmt":"2024-01-09T10:30:48","guid":{"rendered":"https:\/\/www.conselharan.org\/eth-govern-daran-impulse-un-programa-dactivitat-fisica-e-terapeutica-adrecada-as-majors-de-65-ans\/"},"modified":"2024-01-11T09:20:16","modified_gmt":"2024-01-11T08:20:16","slug":"eth-govern-daran-impulse-un-programa-dactivitat-fisica-e-terapeutica-adrecada-as-majors-de-65-ans","status":"publish","type":"post","link":"https:\/\/www.conselharan.org\/es\/eth-govern-daran-impulse-un-programa-dactivitat-fisica-e-terapeutica-adrecada-as-majors-de-65-ans\/","title":{"rendered":"El gobierno de Aran impulsa un programa de actividad f\u00edsica y terap\u00e9utica dirigida a los mayores de 65 a\u00f1os"},"content":{"rendered":"<p><a href=\"https:\/\/www.conselharan.org\/wp-content\/uploads\/2024\/01\/3.png\"><img loading=\"lazy\" decoding=\"async\" class=\"aligncenter wp-image-55556 size-large\" src=\"https:\/\/www.conselharan.org\/wp-content\/uploads\/2024\/01\/3-1024x1024.png\" alt=\"\" width=\"1024\" height=\"1024\" srcset=\"https:\/\/www.conselharan.org\/wp-content\/uploads\/2024\/01\/3-1024x1024.png 1024w, https:\/\/www.conselharan.org\/wp-content\/uploads\/2024\/01\/3-300x300.png 300w, https:\/\/www.conselharan.org\/wp-content\/uploads\/2024\/01\/3-150x150.png 150w, https:\/\/www.conselharan.org\/wp-content\/uploads\/2024\/01\/3-768x768.png 768w, https:\/\/www.conselharan.org\/wp-content\/uploads\/2024\/01\/3-270x270.png 270w, https:\/\/www.conselharan.org\/wp-content\/uploads\/2024\/01\/3-207x207.png 207w, https:\/\/www.conselharan.org\/wp-content\/uploads\/2024\/01\/3-75x75.png 75w, https:\/\/www.conselharan.org\/wp-content\/uploads\/2024\/01\/3.png 1080w\" sizes=\"(max-width: 1024px) 100vw, 1024px\" \/><\/a><\/p>\n<ul>\n<li>\n<h3><strong>El programa \u201cMu\u00e9vete con cabeza\u201d, dirigido por profesionales de la salud, a\u00fana actividad f\u00edsica y debate general y se llevar\u00e1 a cabo cada mi\u00e9rcoles a partir de ma\u00f1ana, 10 de enero, en el auditorio de la Residencia Sant Ant\u00f2ni de Vielha durante el mes de enero y en la antigua guarder\u00eda de Les en febrero<\/strong><\/h3>\n<\/li>\n<\/ul>\n<p>El gobierno del Conselh Generau d\u2019Aran, a trav\u00e9s de sus Servicios Asistenciales Integrados, llevar\u00e1 a cabo cada mi\u00e9rcoles, de 12:00 a 13:30, \u201cMu\u00e9vete con cabeza\u201d, un programa de actividad f\u00edsica y debate general dirigido por profesionales de la salud y pensado para personas mayores de 65 a\u00f1os.<\/p>\n<p>\u201cEl principal objetivo del gobierno del Conselh Generau d\u2019Aran es desarrollar acciones y pol\u00edticas que sit\u00faen a las personas en el centro y ayuden a mejorar su calidad de vida, y con este objetivo nace este programa\u201d, aseguraba la s\u00edndica de Aran, Maria Verg\u00e9s, a\u00f1adiendo que: \u201cresponde a la voluntad de velar por la salud y autonom\u00eda de nuestros mayores, brind\u00e1ndoles un servicio que pensamos que les podr\u00e1 servir para realizar actividad f\u00edsica y terap\u00e9utica de forma regular y convertirse en un lugar de encuentro donde se sientan acompa\u00f1ados\u201d.<\/p>\n<p>Durante el mes de enero, estas sesiones se llevar\u00e1n a cabo en el Auditorio de la Residencia Sant Ant\u00f2ni de Vielha y en febrero en la antigua guarder\u00eda de Les.<\/p>\n<p>Las inscripciones se pueden realizar llamando al 973 64 31 41.<\/p>\n ","protected":false},"excerpt":{"rendered":"<p>El programa \u201cMu\u00e9vete con cabeza\u201d, dirigido por profesionales de la salud, a\u00fana actividad f\u00edsica y debate general y se llevar\u00e1 a cabo cada mi\u00e9rcoles a partir de ma\u00f1ana, 10 de enero, en el auditorio de la Residencia Sant Ant\u00f2ni de Vielha durante el mes de enero y en la antigua guarder\u00eda de Les en febrero&#8230;<\/p>\n","protected":false},"author":10,"featured_media":55518,"comment_status":"closed","ping_status":"closed","sticky":false,"template":"","format":"standard","meta":{"footnotes":""},"categories":[52,789],"tags":[],"_links":{"self":[{"href":"https:\/\/www.conselharan.org\/es\/wp-json\/wp\/v2\/posts\/55517"}],"collection":[{"href":"https:\/\/www.conselharan.org\/es\/wp-json\/wp\/v2\/posts"}],"about":[{"href":"https:\/\/www.conselharan.org\/es\/wp-json\/wp\/v2\/types\/post"}],"author":[{"embeddable":true,"href":"https:\/\/www.conselharan.org\/es\/wp-json\/wp\/v2\/users\/10"}],"replies":[{"embeddable":true,"href":"https:\/\/www.conselharan.org\/es\/wp-json\/wp\/v2\/comments?post=55517"}],"version-history":[{"count":3,"href":"https:\/\/www.conselharan.org\/es\/wp-json\/wp\/v2\/posts\/55517\/revisions"}],"predecessor-version":[{"id":55560,"href":"https:\/\/www.conselharan.org\/es\/wp-json\/wp\/v2\/posts\/55517\/revisions\/55560"}],"wp:featuredmedia":[{"embeddable":true,"href":"https:\/\/www.conselharan.org\/es\/wp-json\/wp\/v2\/media\/55518"}],"wp:attachment":[{"href":"https:\/\/www.conselharan.org\/es\/wp-json\/wp\/v2\/media?parent=55517"}],"wp:term":[{"taxonomy":"category","embeddable":true,"href":"https:\/\/www.conselharan.org\/es\/wp-json\/wp\/v2\/categories?post=55517"},{"taxonomy":"post_tag","embeddable":true,"href":"https:\/\/www.conselharan.org\/es\/wp-json\/wp\/v2\/tags?post=55517"}],"curies":[{"name":"wp","href":"https:\/\/api.w.org\/{rel}","templated":true}]}}