{"id":55620,"date":"2024-01-17T13:38:46","date_gmt":"2024-01-17T12:38:46","guid":{"rendered":"https:\/\/www.conselharan.org\/eth-conselh-generau-daran-presidira-eth-consorci-leader-pireneu-occidentau\/"},"modified":"2024-01-17T13:40:46","modified_gmt":"2024-01-17T12:40:46","slug":"eth-conselh-generau-daran-presidira-eth-consorci-leader-pireneu-occidentau","status":"publish","type":"post","link":"https:\/\/www.conselharan.org\/es\/eth-conselh-generau-daran-presidira-eth-consorci-leader-pireneu-occidentau\/","title":{"rendered":"El Conselh Generau d\u2019Aran presidir\u00e1 el Consorcio Leader Pirineo Occidental"},"content":{"rendered":"<p><a href=\"https:\/\/www.conselharan.org\/wp-content\/uploads\/2024\/01\/WhatsApp-Image-2024-01-16-at-16.48.19-scaled.jpeg\"><img loading=\"lazy\" decoding=\"async\" class=\"aligncenter wp-image-55614 size-large\" src=\"https:\/\/www.conselharan.org\/wp-content\/uploads\/2024\/01\/WhatsApp-Image-2024-01-16-at-16.48.19-1024x768.jpeg\" alt=\"\" width=\"1024\" height=\"768\" srcset=\"https:\/\/www.conselharan.org\/wp-content\/uploads\/2024\/01\/WhatsApp-Image-2024-01-16-at-16.48.19-1024x768.jpeg 1024w, https:\/\/www.conselharan.org\/wp-content\/uploads\/2024\/01\/WhatsApp-Image-2024-01-16-at-16.48.19-300x225.jpeg 300w, https:\/\/www.conselharan.org\/wp-content\/uploads\/2024\/01\/WhatsApp-Image-2024-01-16-at-16.48.19-768x576.jpeg 768w, https:\/\/www.conselharan.org\/wp-content\/uploads\/2024\/01\/WhatsApp-Image-2024-01-16-at-16.48.19-1536x1152.jpeg 1536w, https:\/\/www.conselharan.org\/wp-content\/uploads\/2024\/01\/WhatsApp-Image-2024-01-16-at-16.48.19-2048x1536.jpeg 2048w\" sizes=\"(max-width: 1024px) 100vw, 1024px\" \/><\/a><\/p>\n<ul>\n<li>\n<h3><strong>Durante el Pleno del Consorcio celebrado ayer en Tremp, la s\u00edndica de Aran, en representaci\u00f3n del Conselh Generau d\u2019Aran, fue escogida nueva presidenta de este \u00f3rgano gestor de las ayudas Leader en la Alta Ribagor\u00e7a, que ostentar\u00e1 la vicepresidencia, Pallars Juss\u00e0, Pallars Sobir\u00e0 y Val d\u2019Aran, y tiene como finalidad promover acciones para fomentar los sectores productivos del territorio y el desarrollo rural<\/strong><\/h3>\n<\/li>\n<\/ul>\n<p>Durante la tarde de ayer tuvo lugar en Tremp el Pleno del Consorcio Leader Pirineo Occidental, donde se escogi\u00f3 por unanimidad a la s\u00edndica de Aran, Maria Verg\u00e9s, como presidenta de este \u00f3rgano en nombre y representaci\u00f3n del Conselh Generau d\u2019Aran. La vicepresidencia recaer\u00e1 en la Alta Ribagor\u00e7a.<\/p>\n<p>\u201cLa Val d\u2019Aran nunca hab\u00eda asumido la presidencia de este \u00f3rgano, que tiene una gran importancia para el impulso de proyectos p\u00fablicos y privados que ayudan a desarrollar el Pirineo, y desde el gobierno de Aran esperamos, en esta nueva etapa, poder trabajar y mejorar el apoyo al sector empresarial de nuestros territorios e impulsar proyectos transversales que nos ayuden a diversificar nuestra econom\u00eda, retener el talento de nuestros j\u00f3venes y ofrecer una mejor calidad de vida a la gente de los Pallars, Alta Ribagor\u00e7a y Aran\u201d, aseguraba la s\u00edndica de Aran, a\u00f1adiendo que: \u201cdesde el gobierno de Aran estamos comprometidos y extendemos la mano para trabajar de manera conjunta con los otros territorios del Pirineo ante los retos econ\u00f3micos y sociales que atravesamos\u201d.<\/p>\n<p>El Consorcio Leader Pirineo Occidental es el \u00f3rgano gestor de las ayudas Leader en la Alta Ribagor\u00e7a, Pallars Juss\u00e0, Pallars Sobir\u00e0 y Val d\u2019Aran. Los Leader son un m\u00e9todo de desarrollo local con m\u00e1s de veinte a\u00f1os de trayectoria para hacer part\u00edcipes a los agentes locales en el dise\u00f1o y puesta en funcionamiento de estrategias, la toma de decisiones y la asignaci\u00f3n de recursos a trav\u00e9s de fondos europeos para el desarrollo de las zonas rurales.<\/p>\n ","protected":false},"excerpt":{"rendered":"<p>Durante el Pleno del Consorcio celebrado ayer en Tremp, la s\u00edndica de Aran, en representaci\u00f3n del Conselh Generau d\u2019Aran, fue escogida nueva presidenta de este \u00f3rgano gestor de las ayudas Leader en la Alta Ribagor\u00e7a, que ostentar\u00e1 la vicepresidencia, Pallars Juss\u00e0, Pallars Sobir\u00e0 y Val d\u2019Aran, y tiene como finalidad promover acciones para fomentar los&#8230;<\/p>\n","protected":false},"author":10,"featured_media":55617,"comment_status":"closed","ping_status":"closed","sticky":false,"template":"","format":"standard","meta":{"footnotes":""},"categories":[52],"tags":[],"_links":{"self":[{"href":"https:\/\/www.conselharan.org\/es\/wp-json\/wp\/v2\/posts\/55620"}],"collection":[{"href":"https:\/\/www.conselharan.org\/es\/wp-json\/wp\/v2\/posts"}],"about":[{"href":"https:\/\/www.conselharan.org\/es\/wp-json\/wp\/v2\/types\/post"}],"author":[{"embeddable":true,"href":"https:\/\/www.conselharan.org\/es\/wp-json\/wp\/v2\/users\/10"}],"replies":[{"embeddable":true,"href":"https:\/\/www.conselharan.org\/es\/wp-json\/wp\/v2\/comments?post=55620"}],"version-history":[{"count":1,"href":"https:\/\/www.conselharan.org\/es\/wp-json\/wp\/v2\/posts\/55620\/revisions"}],"predecessor-version":[{"id":55621,"href":"https:\/\/www.conselharan.org\/es\/wp-json\/wp\/v2\/posts\/55620\/revisions\/55621"}],"wp:featuredmedia":[{"embeddable":true,"href":"https:\/\/www.conselharan.org\/es\/wp-json\/wp\/v2\/media\/55617"}],"wp:attachment":[{"href":"https:\/\/www.conselharan.org\/es\/wp-json\/wp\/v2\/media?parent=55620"}],"wp:term":[{"taxonomy":"category","embeddable":true,"href":"https:\/\/www.conselharan.org\/es\/wp-json\/wp\/v2\/categories?post=55620"},{"taxonomy":"post_tag","embeddable":true,"href":"https:\/\/www.conselharan.org\/es\/wp-json\/wp\/v2\/tags?post=55620"}],"curies":[{"name":"wp","href":"https:\/\/api.w.org\/{rel}","templated":true}]}}