{"id":55641,"date":"2024-01-18T14:30:16","date_gmt":"2024-01-18T13:30:16","guid":{"rendered":"https:\/\/www.conselharan.org\/amassada-deth-conselh-generau-daran-damb-er-ajuntament-de-bossost\/"},"modified":"2024-01-18T14:34:30","modified_gmt":"2024-01-18T13:34:30","slug":"amassada-deth-conselh-generau-daran-damb-er-ajuntament-de-bossost","status":"publish","type":"post","link":"https:\/\/www.conselharan.org\/es\/amassada-deth-conselh-generau-daran-damb-er-ajuntament-de-bossost\/","title":{"rendered":"Reuni\u00f3n del Conselh Generau d\u2019Aran con el Ayuntamiento de Boss\u00f2st"},"content":{"rendered":"<p><a href=\"https:\/\/www.conselharan.org\/wp-content\/uploads\/2024\/01\/IMG_8186-scaled.jpg\"><img loading=\"lazy\" decoding=\"async\" class=\"aligncenter wp-image-55635 size-large\" src=\"https:\/\/www.conselharan.org\/wp-content\/uploads\/2024\/01\/IMG_8186-1024x768.jpg\" alt=\"\" width=\"1024\" height=\"768\" srcset=\"https:\/\/www.conselharan.org\/wp-content\/uploads\/2024\/01\/IMG_8186-1024x768.jpg 1024w, https:\/\/www.conselharan.org\/wp-content\/uploads\/2024\/01\/IMG_8186-300x225.jpg 300w, https:\/\/www.conselharan.org\/wp-content\/uploads\/2024\/01\/IMG_8186-768x576.jpg 768w, https:\/\/www.conselharan.org\/wp-content\/uploads\/2024\/01\/IMG_8186-1536x1152.jpg 1536w, https:\/\/www.conselharan.org\/wp-content\/uploads\/2024\/01\/IMG_8186-2048x1536.jpg 2048w\" sizes=\"(max-width: 1024px) 100vw, 1024px\" \/><\/a><\/p>\n<ul>\n<li>\n<h3><strong>La s\u00edndica de Aran y el vices\u00edndico segundo se han reunido esta ma\u00f1ana con la alcaldesa y el teniente de alcalde de Boss\u00f2st para tratar sobre la colaboraci\u00f3n del Conselh Generau d\u2019Aran en la rehabilitaci\u00f3n del edificio del antiguo cine del municipio<\/strong><\/h3>\n<\/li>\n<\/ul>\n<p>Esta ma\u00f1ana, la s\u00edndica de Aran, Maria Verg\u00e9s, y el vices\u00edndico segundo, Franc\u00e9s Bruna, han mantenido una reuni\u00f3n con la alcaldesa de Boss\u00f2st, Montserrat de Burgos, y el teniente de alcalde, Francisco Rodr\u00edguez, para tratar sobre la colaboraci\u00f3n del Conselh Generau d\u2019Aran en la rehabilitaci\u00f3n del edificio del antiguo cine del municipio.<\/p>\n<p>Durante la reuni\u00f3n, el gobierno de Aran ha trasladado al Ayuntamiento la voluntad de conseguir un acuerdo para colaborar econ\u00f3micamente con la rehabilitaci\u00f3n de este edificio, que es propiedad del consistorio.<\/p>\n<p>Se ha convenido que el Ayuntamiento de Boss\u00f2st pueda presentar al Conselh Generau el proyecto de mejora y uso del equipamiento para conocer cu\u00e1l es la voluntad del consistorio con este edificio y que se pueda ajustar a los objetivos de gobierno de la m\u00e1xima instituci\u00f3n aranesa.<\/p>\n<p>En este sentido, en la pasada legislatura, los anteriores gobiernos de ambas instituciones hab\u00edan acordado esta colaboraci\u00f3n para destinar el antiguo cine como centro cultural y vivero de empresas y espacio coworking, para brindar apoyo a los j\u00f3venes emprendedores.<\/p>\n<p>Tras la reuni\u00f3n mantenida hoy, ambas instituciones se han emplazado a seguir tratando este tema durante las pr\u00f3ximas semanas, una vez el Ayuntamiento haya hecho llegar una propuesta m\u00e1s detallada sobre el uso y mejora del equipamiento.<\/p>\n ","protected":false},"excerpt":{"rendered":"<p>La s\u00edndica de Aran y el vices\u00edndico segundo se han reunido esta ma\u00f1ana con la alcaldesa y el teniente de alcalde de Boss\u00f2st para tratar sobre la colaboraci\u00f3n del Conselh Generau d\u2019Aran en la rehabilitaci\u00f3n del edificio del antiguo cine del municipio Esta ma\u00f1ana, la s\u00edndica de Aran, Maria Verg\u00e9s, y el vices\u00edndico segundo, Franc\u00e9s&#8230;<\/p>\n","protected":false},"author":10,"featured_media":55638,"comment_status":"closed","ping_status":"closed","sticky":false,"template":"","format":"standard","meta":{"footnotes":""},"categories":[52],"tags":[],"_links":{"self":[{"href":"https:\/\/www.conselharan.org\/es\/wp-json\/wp\/v2\/posts\/55641"}],"collection":[{"href":"https:\/\/www.conselharan.org\/es\/wp-json\/wp\/v2\/posts"}],"about":[{"href":"https:\/\/www.conselharan.org\/es\/wp-json\/wp\/v2\/types\/post"}],"author":[{"embeddable":true,"href":"https:\/\/www.conselharan.org\/es\/wp-json\/wp\/v2\/users\/10"}],"replies":[{"embeddable":true,"href":"https:\/\/www.conselharan.org\/es\/wp-json\/wp\/v2\/comments?post=55641"}],"version-history":[{"count":2,"href":"https:\/\/www.conselharan.org\/es\/wp-json\/wp\/v2\/posts\/55641\/revisions"}],"predecessor-version":[{"id":55643,"href":"https:\/\/www.conselharan.org\/es\/wp-json\/wp\/v2\/posts\/55641\/revisions\/55643"}],"wp:featuredmedia":[{"embeddable":true,"href":"https:\/\/www.conselharan.org\/es\/wp-json\/wp\/v2\/media\/55638"}],"wp:attachment":[{"href":"https:\/\/www.conselharan.org\/es\/wp-json\/wp\/v2\/media?parent=55641"}],"wp:term":[{"taxonomy":"category","embeddable":true,"href":"https:\/\/www.conselharan.org\/es\/wp-json\/wp\/v2\/categories?post=55641"},{"taxonomy":"post_tag","embeddable":true,"href":"https:\/\/www.conselharan.org\/es\/wp-json\/wp\/v2\/tags?post=55641"}],"curies":[{"name":"wp","href":"https:\/\/api.w.org\/{rel}","templated":true}]}}