{"id":55899,"date":"2024-02-04T16:05:01","date_gmt":"2024-02-04T15:05:01","guid":{"rendered":"https:\/\/www.conselharan.org\/irati-cuadrado-e-imanol-rojo-guanhadors-dera-44au-edicion-dera-marxa-beret\/"},"modified":"2024-02-04T16:06:58","modified_gmt":"2024-02-04T15:06:58","slug":"irati-cuadrado-e-imanol-rojo-guanhadors-dera-44au-edicion-dera-marxa-beret","status":"publish","type":"post","link":"https:\/\/www.conselharan.org\/es\/irati-cuadrado-e-imanol-rojo-guanhadors-dera-44au-edicion-dera-marxa-beret\/","title":{"rendered":"Irati Cuadrado e Imanol Rojo, ganadores de la 44\u00aa edici\u00f3n de la Marxa Beret"},"content":{"rendered":"<p>&nbsp;<\/p>\n\n\t\t<style type=\"text\/css\">\n\t\t\t#gallery-1 {\n\t\t\t\tmargin: auto;\n\t\t\t}\n\t\t\t#gallery-1 .gallery-item {\n\t\t\t\tfloat: left;\n\t\t\t\tmargin-top: 10px;\n\t\t\t\ttext-align: center;\n\t\t\t\twidth: 50%;\n\t\t\t}\n\t\t\t#gallery-1 img {\n\t\t\t\tborder: 2px solid #cfcfcf;\n\t\t\t}\n\t\t\t#gallery-1 .gallery-caption {\n\t\t\t\tmargin-left: 0;\n\t\t\t}\n\t\t\t\/* see gallery_shortcode() in wp-includes\/media.php *\/\n\t\t<\/style>\n\t\t<div id='gallery-1' class='gallery galleryid-55899 gallery-columns-2 gallery-size-large'><dl class='gallery-item'>\n\t\t\t<dt class='gallery-icon landscape'>\n\t\t\t\t<a href='https:\/\/www.conselharan.org\/es\/irati-cuadrado-e-imanol-rojo-guanhadors-dera-44au-edicion-dera-marxa-beret\/marxaberet2024_49_fototur-2\/'><img loading=\"lazy\" decoding=\"async\" width=\"1024\" height=\"683\" src=\"https:\/\/www.conselharan.org\/wp-content\/uploads\/2024\/02\/MarxaBeret2024_49_fototur-1024x683.jpg\" class=\"attachment-large size-large\" alt=\"\" srcset=\"https:\/\/www.conselharan.org\/wp-content\/uploads\/2024\/02\/MarxaBeret2024_49_fototur-1024x683.jpg 1024w, https:\/\/www.conselharan.org\/wp-content\/uploads\/2024\/02\/MarxaBeret2024_49_fototur-300x200.jpg 300w, https:\/\/www.conselharan.org\/wp-content\/uploads\/2024\/02\/MarxaBeret2024_49_fototur-768x512.jpg 768w, https:\/\/www.conselharan.org\/wp-content\/uploads\/2024\/02\/MarxaBeret2024_49_fototur-1536x1024.jpg 1536w, https:\/\/www.conselharan.org\/wp-content\/uploads\/2024\/02\/MarxaBeret2024_49_fototur-2048x1365.jpg 2048w\" sizes=\"(max-width: 1024px) 100vw, 1024px\" \/><\/a>\n\t\t\t<\/dt><\/dl><dl class='gallery-item'>\n\t\t\t<dt class='gallery-icon landscape'>\n\t\t\t\t<a href='https:\/\/www.conselharan.org\/es\/irati-cuadrado-e-imanol-rojo-guanhadors-dera-44au-edicion-dera-marxa-beret\/marxaberet2024_50_fototur-2\/'><img loading=\"lazy\" decoding=\"async\" width=\"1024\" height=\"683\" src=\"https:\/\/www.conselharan.org\/wp-content\/uploads\/2024\/02\/MarxaBeret2024_50_fototur-1024x683.jpg\" class=\"attachment-large size-large\" alt=\"\" srcset=\"https:\/\/www.conselharan.org\/wp-content\/uploads\/2024\/02\/MarxaBeret2024_50_fototur-1024x683.jpg 1024w, https:\/\/www.conselharan.org\/wp-content\/uploads\/2024\/02\/MarxaBeret2024_50_fototur-300x200.jpg 300w, https:\/\/www.conselharan.org\/wp-content\/uploads\/2024\/02\/MarxaBeret2024_50_fototur-768x512.jpg 768w, https:\/\/www.conselharan.org\/wp-content\/uploads\/2024\/02\/MarxaBeret2024_50_fototur-1536x1024.jpg 1536w, https:\/\/www.conselharan.org\/wp-content\/uploads\/2024\/02\/MarxaBeret2024_50_fototur-2048x1365.jpg 2048w\" sizes=\"(max-width: 1024px) 100vw, 1024px\" \/><\/a>\n\t\t\t<\/dt><\/dl><br style=\"clear: both\" \/>\n\t\t<\/div>\n\n<ul>\n<li>\n<h3><strong>A nivel competitivo, el s\u00e1bado se disputaron los Campeonatos de Espa\u00f1a \u201cSprint\u201d y hoy domingo ha sido el d\u00eda de la esperada Marxa Beret, puntuable para el Campeonato de Espa\u00f1a de esqu\u00ed de fondo y que forma parte del calendario FIS de larga distancia. En total, han participado alrededor de 700 corredores en todo el fin de semana<\/strong><\/h3>\n<\/li>\n<li>\n<h3><strong>Este a\u00f1o, a causa de las condiciones actuales, la 44\u00aa edici\u00f3n de la competici\u00f3n popular de esqu\u00ed de fondo m\u00e1s multitudinaria de Espa\u00f1a ha tenido que adaptar sus distancias a 10, 18,5 y 32 km<\/strong><\/h3>\n<\/li>\n<\/ul>\n<p>La 44\u00aa edici\u00f3n de la Marxa Beret se ha celebrado esta ma\u00f1ana con unas condiciones meteorol\u00f3gicas muy buenas en el Pla de Beret. El evento se ha desarrollado este a\u00f1o solo en las zonas de Beret y \u00d2rrri, adaptando las distancias a causa de las altas temperaturas y las condiciones actuales.<\/p>\n<p>Los ganadores y ganadoras de esta 44 edici\u00f3n han sido:<\/p>\n<p><strong>32 km Mujeres:<\/strong><\/p>\n<ol>\n<li>Irati Cuadrado (IRRTZ) 1h26:22<\/li>\n<li>Marta Cester (CAEI) 1h27:09<\/li>\n<li>Berta Perez (CMGC) 1h44:41<\/li>\n<\/ol>\n<p><strong>32 km Hombres: <\/strong><\/p>\n<ol>\n<li>Imanol Rojo (UZTUR) 1h08:32<\/li>\n<li>Betriu Sadurni (CENA 1h14:33<\/li>\n<li>Lander Mart\u00edn (CMGC) 1h14:33<\/li>\n<\/ol>\n<p><strong>18,5 km Mujeres:<\/strong><\/p>\n<ol>\n<li>Martina Miquel (CENA) 50:32<\/li>\n<li>Nuria Ruiz (CENA) 52:03<\/li>\n<li>Berta Guitart (CENA) 52:46<\/li>\n<\/ol>\n<p><strong>18,5 km Hombres:<\/strong><\/p>\n<ol>\n<li>Peio Anarbe (MGSTZ) 42:43<\/li>\n<li>Pablo Moreno (CAEI) 43:43<\/li>\n<li>Pau Molins (CENA) 44:28<\/li>\n<\/ol>\n<p><strong>10 km Mujeres: <\/strong><\/p>\n<ol>\n<li>Joana Puig (CEFCEN) 28:22<\/li>\n<li>Romane Cordonnier (Montagnard Argeliesiens PVG) 29:26<\/li>\n<li>June Aranburu (Alpino Utzurre eski taldea) 30:22<\/li>\n<\/ol>\n<p><strong>10 km Hombres:<\/strong><\/p>\n<ol>\n<li>Adrian Lanau 25:08<\/li>\n<li>Jofre Puig (CEFCEN) 25:47<\/li>\n<li>Biel Gonzalez (CAEI) 25:54<\/li>\n<\/ol>\n<p><strong>Mini Marxa Beret (5 km) Mujeres: <\/strong><\/p>\n<ol>\n<li>Lea Sauthier (Montagnard Argeliesiens PVG) 19:13<\/li>\n<li>Eva Longuy (Montagnard Argeliesiens PVG) 19:38<\/li>\n<li>Lisa Guyetand (Montagnard Argeliesiens PVG) 19:48<\/li>\n<\/ol>\n<p><strong>Mini Marxa Beret (5 km) Hombres:<\/strong><\/p>\n<ol>\n<li>Bernat Melsio (NEC-NATURLAND) 15:55<\/li>\n<li>Pey Abbadie (Montagnard Argeliesiens PVG) 16:16<\/li>\n<li>Alvaro Gimeno (Aspe)17:34<\/li>\n<\/ol>\n<p>La Marxa Beret es mucho m\u00e1s que una competici\u00f3n, es una de las pruebas de esqu\u00ed n\u00f3rdico m\u00e1s consolidadas que se realizan en la pen\u00ednsula. M\u00e1s all\u00e1 de los deportistas con licencia, la mayor\u00eda de los participantes es un p\u00fablico familiar y grupos de amigos que se lo toman como una fiesta del esqu\u00ed de fondo.<\/p>\n<p>Este evento est\u00e1 organizado por el Conselh Generau d\u2019Aran, de la mano de Baqueira Beret y el Conselh Esportiu dera Val d\u2019Aran. Cuenta con la colaboraci\u00f3n de la Asociaci\u00f3n Volentaris Val d\u2019Aran, el Ayuntamiento de Vielha e Mijaran, Diputaci\u00f3 de Lleida, Pompi\u00e8rs d\u2019Aran, Aran Salut, Mossos d\u2019Esquadra, INS d\u2019Aran, adem\u00e1s de la Real Federaci\u00f3n Espa\u00f1ola de Deportes de Invierno (RFEDI), la Federaci\u00f3 Catalana d\u2019Esports d\u2019Hivern (FCEH) y los distintos patrocinadores.<\/p>\n<h3><\/h3>\n ","protected":false},"excerpt":{"rendered":"<p>&nbsp; A nivel competitivo, el s\u00e1bado se disputaron los Campeonatos de Espa\u00f1a \u201cSprint\u201d y hoy domingo ha sido el d\u00eda de la esperada Marxa Beret, puntuable para el Campeonato de Espa\u00f1a de esqu\u00ed de fondo y que forma parte del calendario FIS de larga distancia. En total, han participado alrededor de 700 corredores en todo&#8230;<\/p>\n","protected":false},"author":10,"featured_media":55892,"comment_status":"closed","ping_status":"closed","sticky":false,"template":"","format":"standard","meta":{"footnotes":""},"categories":[135],"tags":[],"_links":{"self":[{"href":"https:\/\/www.conselharan.org\/es\/wp-json\/wp\/v2\/posts\/55899"}],"collection":[{"href":"https:\/\/www.conselharan.org\/es\/wp-json\/wp\/v2\/posts"}],"about":[{"href":"https:\/\/www.conselharan.org\/es\/wp-json\/wp\/v2\/types\/post"}],"author":[{"embeddable":true,"href":"https:\/\/www.conselharan.org\/es\/wp-json\/wp\/v2\/users\/10"}],"replies":[{"embeddable":true,"href":"https:\/\/www.conselharan.org\/es\/wp-json\/wp\/v2\/comments?post=55899"}],"version-history":[{"count":2,"href":"https:\/\/www.conselharan.org\/es\/wp-json\/wp\/v2\/posts\/55899\/revisions"}],"predecessor-version":[{"id":55901,"href":"https:\/\/www.conselharan.org\/es\/wp-json\/wp\/v2\/posts\/55899\/revisions\/55901"}],"wp:featuredmedia":[{"embeddable":true,"href":"https:\/\/www.conselharan.org\/es\/wp-json\/wp\/v2\/media\/55892"}],"wp:attachment":[{"href":"https:\/\/www.conselharan.org\/es\/wp-json\/wp\/v2\/media?parent=55899"}],"wp:term":[{"taxonomy":"category","embeddable":true,"href":"https:\/\/www.conselharan.org\/es\/wp-json\/wp\/v2\/categories?post=55899"},{"taxonomy":"post_tag","embeddable":true,"href":"https:\/\/www.conselharan.org\/es\/wp-json\/wp\/v2\/tags?post=55899"}],"curies":[{"name":"wp","href":"https:\/\/api.w.org\/{rel}","templated":true}]}}