{"id":55960,"date":"2024-02-08T14:15:19","date_gmt":"2024-02-08T13:15:19","guid":{"rendered":"https:\/\/www.conselharan.org\/eth-conselh-generau-daran-renauis-es-lhets-der-espitau-val-daran\/"},"modified":"2024-02-08T14:19:40","modified_gmt":"2024-02-08T13:19:40","slug":"eth-conselh-generau-daran-renauis-es-lhets-der-espitau-val-daran","status":"publish","type":"post","link":"https:\/\/www.conselharan.org\/es\/eth-conselh-generau-daran-renauis-es-lhets-der-espitau-val-daran\/","title":{"rendered":"El Conselh Generau d\u2019Aran renueva las camas del Hospital Val d\u2019Aran"},"content":{"rendered":"<p><a href=\"https:\/\/www.conselharan.org\/wp-content\/uploads\/2024\/02\/Naui-lhets-2.jpeg\"><img loading=\"lazy\" decoding=\"async\" class=\"aligncenter wp-image-55954 size-large\" src=\"https:\/\/www.conselharan.org\/wp-content\/uploads\/2024\/02\/Naui-lhets-2-1024x766.jpeg\" alt=\"\" width=\"1024\" height=\"766\" srcset=\"https:\/\/www.conselharan.org\/wp-content\/uploads\/2024\/02\/Naui-lhets-2-1024x766.jpeg 1024w, https:\/\/www.conselharan.org\/wp-content\/uploads\/2024\/02\/Naui-lhets-2-300x224.jpeg 300w, https:\/\/www.conselharan.org\/wp-content\/uploads\/2024\/02\/Naui-lhets-2-768x574.jpeg 768w, https:\/\/www.conselharan.org\/wp-content\/uploads\/2024\/02\/Naui-lhets-2-1536x1149.jpeg 1536w, https:\/\/www.conselharan.org\/wp-content\/uploads\/2024\/02\/Naui-lhets-2.jpeg 2000w\" sizes=\"(max-width: 1024px) 100vw, 1024px\" \/><\/a><\/p>\n<ul>\n<li>\n<h3><strong>Con el objetivo de ofrecer una mejor atenci\u00f3n a los usuarios y usuarias de nuestros Servicios Asistenciales Integrados, el gobierno de Aran ha renovado un total de 25 camas en el servicio de hospitalizaci\u00f3n y en la sala de dilataci\u00f3n del bloque obst\u00e9trico del Hospital, cambi\u00e1ndolas por un nuevo modelo de \u00faltima generaci\u00f3n y con una tecnolog\u00eda innovadora para conseguir una mayor comodidad y seguridad tanto para los pacientes como para los profesionales<\/strong><\/h3>\n<\/li>\n<\/ul>\n<p>El Conselh Generau d\u2019Aran ha renovado por un nuevo modelo de \u00faltima generaci\u00f3n un total de 25 camas del Hospital Val d\u2019Aran, en el servicio de hospitalizaci\u00f3n y en la sala de dilataci\u00f3n del bloque obst\u00e9trico.<\/p>\n<p>\u201cDesde el gobierno de Aran trabajamos para mejorar la atenci\u00f3n a las personas que se brinda en nuestros Servicios Asistenciales\u201d aseguraba la s\u00edndica de Aran, Maria Verg\u00e9s, a\u00f1adiendo que: \u201ccon la renovaci\u00f3n de este equipamiento, que supone una mejora significativa de nuestras instalaciones, queremos conseguir una mayor comodidad y seguridad tanto para los pacientes como para los profesionales de nuestro Hospital\u201d.<\/p>\n<p>Este modelo de camas cuenta con una tecnolog\u00eda innovadora que ayuda a los profesionales a proporcionar una atenci\u00f3n de gran calidad a los pacientes, facilitando una movilizaci\u00f3n m\u00e1s sencilla, una desinfecci\u00f3n y limpieza simplificadas, y una maniobrabilidad mejorada.<\/p>\n ","protected":false},"excerpt":{"rendered":"<p>Con el objetivo de ofrecer una mejor atenci\u00f3n a los usuarios y usuarias de nuestros Servicios Asistenciales Integrados, el gobierno de Aran ha renovado un total de 25 camas en el servicio de hospitalizaci\u00f3n y en la sala de dilataci\u00f3n del bloque obst\u00e9trico del Hospital, cambi\u00e1ndolas por un nuevo modelo de \u00faltima generaci\u00f3n y con&#8230;<\/p>\n","protected":false},"author":10,"featured_media":55957,"comment_status":"closed","ping_status":"closed","sticky":false,"template":"","format":"standard","meta":{"footnotes":""},"categories":[34,789],"tags":[],"_links":{"self":[{"href":"https:\/\/www.conselharan.org\/es\/wp-json\/wp\/v2\/posts\/55960"}],"collection":[{"href":"https:\/\/www.conselharan.org\/es\/wp-json\/wp\/v2\/posts"}],"about":[{"href":"https:\/\/www.conselharan.org\/es\/wp-json\/wp\/v2\/types\/post"}],"author":[{"embeddable":true,"href":"https:\/\/www.conselharan.org\/es\/wp-json\/wp\/v2\/users\/10"}],"replies":[{"embeddable":true,"href":"https:\/\/www.conselharan.org\/es\/wp-json\/wp\/v2\/comments?post=55960"}],"version-history":[{"count":1,"href":"https:\/\/www.conselharan.org\/es\/wp-json\/wp\/v2\/posts\/55960\/revisions"}],"predecessor-version":[{"id":55961,"href":"https:\/\/www.conselharan.org\/es\/wp-json\/wp\/v2\/posts\/55960\/revisions\/55961"}],"wp:featuredmedia":[{"embeddable":true,"href":"https:\/\/www.conselharan.org\/es\/wp-json\/wp\/v2\/media\/55957"}],"wp:attachment":[{"href":"https:\/\/www.conselharan.org\/es\/wp-json\/wp\/v2\/media?parent=55960"}],"wp:term":[{"taxonomy":"category","embeddable":true,"href":"https:\/\/www.conselharan.org\/es\/wp-json\/wp\/v2\/categories?post=55960"},{"taxonomy":"post_tag","embeddable":true,"href":"https:\/\/www.conselharan.org\/es\/wp-json\/wp\/v2\/tags?post=55960"}],"curies":[{"name":"wp","href":"https:\/\/api.w.org\/{rel}","templated":true}]}}