{"id":5612,"date":"2014-12-03T13:37:25","date_gmt":"2014-12-03T12:37:25","guid":{"rendered":"http:\/\/www.conselharan.org\/?p=5612"},"modified":"2014-12-03T13:37:25","modified_gmt":"2014-12-03T12:37:25","slug":"el-conselh-generau-y-endesa-liberan-cavilats-en-el-rio-garona","status":"publish","type":"post","link":"https:\/\/www.conselharan.org\/es\/el-conselh-generau-y-endesa-liberan-cavilats-en-el-rio-garona\/","title":{"rendered":"El Conselh Generau y Endesa liberan  cavilats en el r\u00edo Garona"},"content":{"rendered":"<p><strong>La repoblaci\u00f3n de cavilats se ha realizado en los tramos del r\u00edo m\u00e1s afectados por las riadas del 2013<\/strong><\/p>\n<p><a href=\"http:\/\/www.conselharan.org\/wp-content\/uploads\/2014\/12\/cavilats-1.jpg\"><img loading=\"lazy\" decoding=\"async\" class=\"aligncenter size-large wp-image-5607\" alt=\"cavilats 1\" src=\"http:\/\/www.conselharan.org\/wp-content\/uploads\/2014\/12\/cavilats-1-1024x975.jpg\" width=\"1024\" height=\"975\" srcset=\"https:\/\/www.conselharan.org\/wp-content\/uploads\/2014\/12\/cavilats-1-1024x975.jpg 1024w, https:\/\/www.conselharan.org\/wp-content\/uploads\/2014\/12\/cavilats-1-300x285.jpg 300w\" sizes=\"(max-width: 1024px) 100vw, 1024px\" \/><\/a><\/p>\n<p>El r\u00edo Garona tiene en sus aguas el cavilat, una especie end\u00e9mica que habita tanto en territorio espa\u00f1ol como franc\u00e9s, y que es catalogada como \u00aben peligro de extinci\u00f3n\u201d. Despu\u00e9s de las riadas del 2013, la poblaci\u00f3n de cavilat se vio bastante afectada.<\/p>\n<p>Con el objetivo de contribuir a la conservaci\u00f3n de la ictiofauna del Garona, el Conselh Generau d\u2019Aran puso en marcha el proyecto \u00abEstado de conservaci\u00f3n del cavilat (cottus hispaniolensis) en el r\u00edo Garona\u201d con el apoyo del Ministerio de Agricultura, Alimentaci\u00f3n y Medio Ambiento, mediante la Fundaci\u00f3n Biodiversidad y en el marco del programa de ayudas por la realizaci\u00f3n de actividades en el \u00e1mbito de la biodiversidad terrestre, marina y litoral, el cambio clim\u00e1tico y la calidad ambiental. Este proyecto se ha desarrollado durante el 2014 y los objetivos han sido diagnosticar el estado de conservaci\u00f3n actual del cavilat, desarrollar medidas de gesti\u00f3n para recuperar sus poblaciones, y establecer canales para la difusi\u00f3n social de los valores de la diversidad \u00edctica de este r\u00edo.<\/p>\n<p><a href=\"http:\/\/www.conselharan.org\/wp-content\/uploads\/2014\/12\/cavilats.jpg\"><img loading=\"lazy\" decoding=\"async\" class=\"aligncenter size-large wp-image-5608\" alt=\"cavilats\" src=\"http:\/\/www.conselharan.org\/wp-content\/uploads\/2014\/12\/cavilats-1024x685.jpg\" width=\"1024\" height=\"685\" srcset=\"https:\/\/www.conselharan.org\/wp-content\/uploads\/2014\/12\/cavilats-1024x685.jpg 1024w, https:\/\/www.conselharan.org\/wp-content\/uploads\/2014\/12\/cavilats-300x200.jpg 300w\" sizes=\"(max-width: 1024px) 100vw, 1024px\" \/><\/a><\/p>\n<p>Despu\u00e9s de diferentes estudios realizados, la baja o incluso nula poblaci\u00f3n de estos ejemplares hac\u00eda peligrar su especie, as\u00ed pues, el Conselh Generau d\u2019Aran y Endesa, dentro de estas acciones de conservaci\u00f3n de la Biodiversidad, ha liberado unos 200 cavilats en el Garona.<\/p>\n<p>En palabras del conselh\u00e8r de Agricultura, Ganader\u00eda y Medio Natural de Aran, <strong>Jose E. Arr\u00f3 \u201cel objetivo de esta acci\u00f3n es repoblar el Garona de esta especie en el peligro de extinci\u00f3n que se vio bastante reducida ra\u00edz de las trombas de agua del 2013\u201d Arr\u00f3<\/strong> ha a\u00f1adido <strong>\u201clas acciones de repoblaci\u00f3n de cavilats se ha realizado en los tramos del r\u00edo m\u00e1s afectados por las trombas de agua\u201d.<\/strong><\/p>\n ","protected":false},"excerpt":{"rendered":"<p>La repoblaci\u00f3n de cavilats se ha realizado en los tramos del r\u00edo m\u00e1s afectados por las riadas del 2013 El r\u00edo Garona tiene en sus aguas el cavilat, una especie end\u00e9mica que habita tanto en territorio espa\u00f1ol como franc\u00e9s, y que es catalogada como \u00aben peligro de extinci\u00f3n\u201d. Despu\u00e9s de las riadas del 2013, la&#8230;<\/p>\n","protected":false},"author":2,"featured_media":5608,"comment_status":"closed","ping_status":"closed","sticky":false,"template":"","format":"standard","meta":{"footnotes":""},"categories":[30,126,34,37],"tags":[],"_links":{"self":[{"href":"https:\/\/www.conselharan.org\/es\/wp-json\/wp\/v2\/posts\/5612"}],"collection":[{"href":"https:\/\/www.conselharan.org\/es\/wp-json\/wp\/v2\/posts"}],"about":[{"href":"https:\/\/www.conselharan.org\/es\/wp-json\/wp\/v2\/types\/post"}],"author":[{"embeddable":true,"href":"https:\/\/www.conselharan.org\/es\/wp-json\/wp\/v2\/users\/2"}],"replies":[{"embeddable":true,"href":"https:\/\/www.conselharan.org\/es\/wp-json\/wp\/v2\/comments?post=5612"}],"version-history":[{"count":1,"href":"https:\/\/www.conselharan.org\/es\/wp-json\/wp\/v2\/posts\/5612\/revisions"}],"predecessor-version":[{"id":5613,"href":"https:\/\/www.conselharan.org\/es\/wp-json\/wp\/v2\/posts\/5612\/revisions\/5613"}],"wp:featuredmedia":[{"embeddable":true,"href":"https:\/\/www.conselharan.org\/es\/wp-json\/wp\/v2\/media\/5608"}],"wp:attachment":[{"href":"https:\/\/www.conselharan.org\/es\/wp-json\/wp\/v2\/media?parent=5612"}],"wp:term":[{"taxonomy":"category","embeddable":true,"href":"https:\/\/www.conselharan.org\/es\/wp-json\/wp\/v2\/categories?post=5612"},{"taxonomy":"post_tag","embeddable":true,"href":"https:\/\/www.conselharan.org\/es\/wp-json\/wp\/v2\/tags?post=5612"}],"curies":[{"name":"wp","href":"https:\/\/api.w.org\/{rel}","templated":true}]}}